{"id":209406,"date":"2021-12-10T12:38:22","date_gmt":"2021-12-10T10:38:22","guid":{"rendered":"http:\/\/107.6.182.27\/es\/?p=209406"},"modified":"2023-01-10T14:22:52","modified_gmt":"2023-01-10T12:22:52","slug":"canciller-kazajo-comenta-sobre-proxima-reunion-de-conversaciones-de-astana-sobre-siria","status":"publish","type":"post","link":"https:\/\/archive.sana.sy\/es\/?p=209406","title":{"rendered":"Canciller kazajo comenta sobre pr\u00f3xima reuni\u00f3n de conversaciones de Astan\u00e1 sobre Siria"},"content":{"rendered":"<p style=\"text-align: justify;\"><span style=\"color: #800000;\"><strong>Nur Sultan, 10 dic (SANA)<\/strong><\/span>\u00a0 \u00a0 El ministro de Exteriores de Kazajst\u00e1n, Mukhtar Toloberdi, dijo que la pr\u00f3xima ronda de conversaciones de los ministros de Exteriores de los pa\u00edses garantes del proceso Astan\u00e1 sobre Siria \u201cRusia, Ir\u00e1n y Turqu\u00eda\u201d a\u00fan no ha sido confirmada.<\/p>\n<p style=\"text-align: justify;\">&#8220;La reuni\u00f3n de Cancilleres de los pa\u00edses garantes de las conversaciones sobre Siria a\u00fan no ha sido confirmada y hasta ahora est\u00e1 previsto que se lleve a cabo en al nivel habitual, es decir, entre los viceministros de los pa\u00edses garantes&#8221;, dijo Toloberdi en una declaraci\u00f3n a los periodistas hoy.<\/p>\n<p style=\"text-align: justify;\">Agreg\u00f3 que el enviado especial del secretario general de la ONU a Siria, Geir Pedersen, a\u00fan no ha confirmado su participaci\u00f3n en la reuni\u00f3n en Nur Sultan, pero es probable que asista.<\/p>\n<p style=\"text-align: justify;\">Las reuniones de Astan\u00e1 comenzaron en la capital kazaja a principios de 2017 y se celebraron 16 reuniones, una de ellas en la ciudad rusa de Sochi, y todas enfatizaron el compromiso inquebrantable de preservar la soberan\u00eda, la independencia y la integridad territorial de Siria, y continuar la guerra contra las organizaciones terroristas all\u00ed hasta que sean derrotadas de una vez por todas.<\/p>\n<p style=\"text-align: justify;\"><span style=\"color: #0000ff;\"><strong>ah\/fm<\/strong><\/span><\/p>\n","protected":false},"excerpt":{"rendered":"<p>Nur Sultan, 10 dic (SANA)\u00a0 \u00a0 El ministro de Exteriores de Kazajst\u00e1n, Mukhtar Toloberdi, dijo que la pr\u00f3xima ronda de conversaciones de los ministros de Exteriores de los pa\u00edses garantes del proceso Astan\u00e1 sobre Siria \u201cRusia, Ir\u00e1n y Turqu\u00eda\u201d a\u00fan no ha sido confirmada. &#8220;La reuni\u00f3n de Cancilleres de los pa\u00edses garantes de las conversaciones &hellip;<\/p>\n","protected":false},"author":30,"featured_media":209407,"comment_status":"closed","ping_status":"closed","sticky":false,"template":"","format":"standard","meta":{"footnotes":""},"categories":[447,597,457,467,7541],"tags":[20492,20493,6695,6553,7512],"class_list":["post-209406","post","type-post","status-publish","format-standard","has-post-thumbnail","","category-local-politica","category-cinta-de-noticias","category-noticias-arabe-internacional-politica","category-siria-y-el-mundo","category-ultimas-noticias","tag-conversaciones-de-astana","tag-kazajestan","tag-rusia","tag-siria","tag-turquia"],"_links":{"self":[{"href":"https:\/\/archive.sana.sy\/es\/index.php?rest_route=\/wp\/v2\/posts\/209406"}],"collection":[{"href":"https:\/\/archive.sana.sy\/es\/index.php?rest_route=\/wp\/v2\/posts"}],"about":[{"href":"https:\/\/archive.sana.sy\/es\/index.php?rest_route=\/wp\/v2\/types\/post"}],"author":[{"embeddable":true,"href":"https:\/\/archive.sana.sy\/es\/index.php?rest_route=\/wp\/v2\/users\/30"}],"replies":[{"embeddable":true,"href":"https:\/\/archive.sana.sy\/es\/index.php?rest_route=%2Fwp%2Fv2%2Fcomments&post=209406"}],"version-history":[{"count":0,"href":"https:\/\/archive.sana.sy\/es\/index.php?rest_route=\/wp\/v2\/posts\/209406\/revisions"}],"wp:featuredmedia":[{"embeddable":true,"href":"https:\/\/archive.sana.sy\/es\/index.php?rest_route=\/wp\/v2\/media\/209407"}],"wp:attachment":[{"href":"https:\/\/archive.sana.sy\/es\/index.php?rest_route=%2Fwp%2Fv2%2Fmedia&parent=209406"}],"wp:term":[{"taxonomy":"category","embeddable":true,"href":"https:\/\/archive.sana.sy\/es\/index.php?rest_route=%2Fwp%2Fv2%2Fcategories&post=209406"},{"taxonomy":"post_tag","embeddable":true,"href":"https:\/\/archive.sana.sy\/es\/index.php?rest_route=%2Fwp%2Fv2%2Ftags&post=209406"}],"curies":[{"name":"wp","href":"https:\/\/api.w.org\/{rel}","templated":true}]}}