{"id":209438,"date":"2021-12-10T19:04:57","date_gmt":"2021-12-10T17:04:57","guid":{"rendered":"http:\/\/107.6.182.27\/es\/?p=209438"},"modified":"2021-12-10T19:04:57","modified_gmt":"2021-12-10T17:04:57","slug":"muere-un-nino-por-estallido-de-mina-terrorista-al-norte-de-deir-ezzor","status":"publish","type":"post","link":"https:\/\/archive.sana.sy\/es\/?p=209438","title":{"rendered":"Muere un ni\u00f1o por estallido de mina terrorista al norte de Deir Ezzor"},"content":{"rendered":"<p style=\"text-align: justify;\"><strong><span style=\"color: #800000;\">Deir Ezzor, 10 dic (SANA)<\/span><\/strong>\u00a0 \u00a0Un ni\u00f1o, de 11 a\u00f1os, perdi\u00f3 la vida y otros dos resultaron heridos al estallarse una mina remanente de la organizaci\u00f3n terrorista de Daesh en la localidad de Mratt, al norte de la provincia de Deir Ezzor.<\/p>\n<p style=\"text-align: justify;\">El director del hospital provincial, Mamoun Hize, a donde fueron trasladados los ni\u00f1os, comunic\u00f3 a SANA que uno de ellos se encuentra gravemente herido.<\/p>\n<p style=\"text-align: justify;\">Las organizaciones terroristas, antes de ser derrotadas, colocaron minas y artefactos explosivos en los barrios, las carreteras y los parques para destruir propiedades e intimidar a los ciudadanos que regresen a sus hogares liberados del terrorismo.<\/p>\n<p style=\"text-align: justify;\">rr\/fm<\/p>\n","protected":false},"excerpt":{"rendered":"<p>Deir Ezzor, 10 dic (SANA)\u00a0 \u00a0Un ni\u00f1o, de 11 a\u00f1os, perdi\u00f3 la vida y otros dos resultaron heridos al estallarse una mina remanente de la organizaci\u00f3n terrorista de Daesh en la localidad de Mratt, al norte de la provincia de Deir Ezzor. El director del hospital provincial, Mamoun Hize, a donde fueron trasladados los ni\u00f1os, &hellip;<\/p>\n","protected":false},"author":31,"featured_media":193000,"comment_status":"closed","ping_status":"closed","sticky":false,"template":"","format":"standard","meta":{"footnotes":""},"categories":[597,573,7541],"tags":[],"class_list":["post-209438","post","type-post","status-publish","format-standard","has-post-thumbnail","","category-cinta-de-noticias","category-la-realidad-de-los-acontecimientos-en-siria","category-ultimas-noticias"],"_links":{"self":[{"href":"https:\/\/archive.sana.sy\/es\/index.php?rest_route=\/wp\/v2\/posts\/209438"}],"collection":[{"href":"https:\/\/archive.sana.sy\/es\/index.php?rest_route=\/wp\/v2\/posts"}],"about":[{"href":"https:\/\/archive.sana.sy\/es\/index.php?rest_route=\/wp\/v2\/types\/post"}],"author":[{"embeddable":true,"href":"https:\/\/archive.sana.sy\/es\/index.php?rest_route=\/wp\/v2\/users\/31"}],"replies":[{"embeddable":true,"href":"https:\/\/archive.sana.sy\/es\/index.php?rest_route=%2Fwp%2Fv2%2Fcomments&post=209438"}],"version-history":[{"count":0,"href":"https:\/\/archive.sana.sy\/es\/index.php?rest_route=\/wp\/v2\/posts\/209438\/revisions"}],"wp:featuredmedia":[{"embeddable":true,"href":"https:\/\/archive.sana.sy\/es\/index.php?rest_route=\/wp\/v2\/media\/193000"}],"wp:attachment":[{"href":"https:\/\/archive.sana.sy\/es\/index.php?rest_route=%2Fwp%2Fv2%2Fmedia&parent=209438"}],"wp:term":[{"taxonomy":"category","embeddable":true,"href":"https:\/\/archive.sana.sy\/es\/index.php?rest_route=%2Fwp%2Fv2%2Fcategories&post=209438"},{"taxonomy":"post_tag","embeddable":true,"href":"https:\/\/archive.sana.sy\/es\/index.php?rest_route=%2Fwp%2Fv2%2Ftags&post=209438"}],"curies":[{"name":"wp","href":"https:\/\/api.w.org\/{rel}","templated":true}]}}