{"id":209534,"date":"2021-12-11T12:19:42","date_gmt":"2021-12-11T10:19:42","guid":{"rendered":"http:\/\/107.6.182.27\/es\/?p=209534"},"modified":"2023-01-10T14:22:49","modified_gmt":"2023-01-10T12:22:49","slug":"nuevas-victimas-por-estallido-de-bombas-remanentes-de-terroristas","status":"publish","type":"post","link":"https:\/\/archive.sana.sy\/es\/?p=209534","title":{"rendered":"Nuevas v\u00edctimas por estallido de bombas remanentes de terroristas"},"content":{"rendered":"<p><strong><span style=\"color: #800000;\">Deraa, 11 dic (SANA)\u00a0<\/span><\/strong> Un artefacto explosivo dejado por los terroristas estall\u00f3 este s\u00e1bado en la localidad de Kafr Shams, en el campo norte\u00f1o de la provincia siria de Deraa.<\/p>\n<p>Seg\u00fan inform\u00f3 el corresponsal de SANA, el estallado provoc\u00f3 lesiones a tres ni\u00f1os mientras jugaban en las tierras agr\u00edcolas en la referida regi\u00f3n.<\/p>\n<p>Los menores fueron ingresados al hospital de inmediato y su estado de salud es estable, indic\u00f3 el reportero.<\/p>\n<p><span style=\"color: #0000ff;\"><strong>ws\/fm<\/strong><\/span><\/p>\n","protected":false},"excerpt":{"rendered":"<p>Deraa, 11 dic (SANA)\u00a0 Un artefacto explosivo dejado por los terroristas estall\u00f3 este s\u00e1bado en la localidad de Kafr Shams, en el campo norte\u00f1o de la provincia siria de Deraa. Seg\u00fan inform\u00f3 el corresponsal de SANA, el estallado provoc\u00f3 lesiones a tres ni\u00f1os mientras jugaban en las tierras agr\u00edcolas en la referida regi\u00f3n. Los menores &hellip;<\/p>\n","protected":false},"author":35,"featured_media":209536,"comment_status":"closed","ping_status":"closed","sticky":false,"template":"","format":"standard","meta":{"footnotes":""},"categories":[447,477,597,573,476,7541],"tags":[17398,20187,20508,1347,8905],"class_list":["post-209534","post","type-post","status-publish","format-standard","has-post-thumbnail","","category-local-politica","category-noticias-edulcorantes","category-cinta-de-noticias","category-la-realidad-de-los-acontecimientos-en-siria","category-locales","category-ultimas-noticias","tag-deraa","tag-artefacto-explosivo","tag-estallido","tag-sana","tag-terroristas"],"_links":{"self":[{"href":"https:\/\/archive.sana.sy\/es\/index.php?rest_route=\/wp\/v2\/posts\/209534"}],"collection":[{"href":"https:\/\/archive.sana.sy\/es\/index.php?rest_route=\/wp\/v2\/posts"}],"about":[{"href":"https:\/\/archive.sana.sy\/es\/index.php?rest_route=\/wp\/v2\/types\/post"}],"author":[{"embeddable":true,"href":"https:\/\/archive.sana.sy\/es\/index.php?rest_route=\/wp\/v2\/users\/35"}],"replies":[{"embeddable":true,"href":"https:\/\/archive.sana.sy\/es\/index.php?rest_route=%2Fwp%2Fv2%2Fcomments&post=209534"}],"version-history":[{"count":0,"href":"https:\/\/archive.sana.sy\/es\/index.php?rest_route=\/wp\/v2\/posts\/209534\/revisions"}],"wp:featuredmedia":[{"embeddable":true,"href":"https:\/\/archive.sana.sy\/es\/index.php?rest_route=\/wp\/v2\/media\/209536"}],"wp:attachment":[{"href":"https:\/\/archive.sana.sy\/es\/index.php?rest_route=%2Fwp%2Fv2%2Fmedia&parent=209534"}],"wp:term":[{"taxonomy":"category","embeddable":true,"href":"https:\/\/archive.sana.sy\/es\/index.php?rest_route=%2Fwp%2Fv2%2Fcategories&post=209534"},{"taxonomy":"post_tag","embeddable":true,"href":"https:\/\/archive.sana.sy\/es\/index.php?rest_route=%2Fwp%2Fv2%2Ftags&post=209534"}],"curies":[{"name":"wp","href":"https:\/\/api.w.org\/{rel}","templated":true}]}}