{"id":209538,"date":"2021-12-11T13:32:43","date_gmt":"2021-12-11T11:32:43","guid":{"rendered":"http:\/\/107.6.182.27\/es\/?p=209538"},"modified":"2021-12-11T21:14:11","modified_gmt":"2021-12-11T19:14:11","slug":"iran-reitera-su-condena-a-repetidos-bombardeos-israelies-contra-siria","status":"publish","type":"post","link":"https:\/\/archive.sana.sy\/es\/?p=209538","title":{"rendered":"Ir\u00e1n reitera su condena a repetidos bombardeos israel\u00edes contra Siria"},"content":{"rendered":"<p style=\"text-align: justify;\"><span style=\"color: #800000;\"><strong>Teher\u00e1n, 11 dic (SANA)<\/strong><\/span>\u00a0 Ir\u00e1n reiter\u00f3 su en\u00e9rgica condena a los frecuentes ataques israel\u00edes contra el territorio sirio e inst\u00f3 la comunidad internacional a cumplir con sus responsabilidades para poner fin a estas agresiones.<\/p>\n<p style=\"text-align: justify;\">El asesor del presidente iran\u00ed para asuntos parlamentarios Seyed Mohammad Hosseini, destac\u00f3 durante su reuni\u00f3n con el embajador sirio en Teher\u00e1n, Shafiq Dayub, la necesidad de la retirada de las tropas estadounidense de Siria ya que son ilegales y saquean los recursos naturales de Siria.<\/p>\n<p style=\"text-align: justify;\">Mi pa\u00eds est\u00e1 en la mejor disposici\u00f3n de contribuir al proceso de reconstrucci\u00f3n de Siria despu\u00e9s de a\u00f1os de guerra devastadora impuesta, y recientemente realizamos una exhibici\u00f3n de productos iran\u00edes en la capital Damasco, manifest\u00f3 Hosseini.<\/p>\n<p style=\"text-align: justify;\">Por su parte, el embajador sirio destac\u00f3 la necesidad de fortalecer la cooperaci\u00f3n entre ambas partes en los campos cient\u00edfico, tur\u00edstico, t\u00e9cnico y tecnol\u00f3gico al intensificar las reuniones entre funcionarios de los dos pa\u00edses en varios niveles.<\/p>\n<p style=\"text-align: justify;\"><strong><span style=\"color: #0000ff;\">ws\/fm<\/span><\/strong><\/p>\n","protected":false},"excerpt":{"rendered":"<p>Teher\u00e1n, 11 dic (SANA)\u00a0 Ir\u00e1n reiter\u00f3 su en\u00e9rgica condena a los frecuentes ataques israel\u00edes contra el territorio sirio e inst\u00f3 la comunidad internacional a cumplir con sus responsabilidades para poner fin a estas agresiones. El asesor del presidente iran\u00ed para asuntos parlamentarios Seyed Mohammad Hosseini, destac\u00f3 durante su reuni\u00f3n con el embajador sirio en Teher\u00e1n, &hellip;<\/p>\n","protected":false},"author":35,"featured_media":209539,"comment_status":"closed","ping_status":"closed","sticky":false,"template":"","format":"standard","meta":{"footnotes":""},"categories":[597,467,7541],"tags":[2866,1347,19966],"class_list":["post-209538","post","type-post","status-publish","format-standard","has-post-thumbnail","","category-cinta-de-noticias","category-siria-y-el-mundo","category-ultimas-noticias","tag-iran","tag-sana","tag-teheran"],"_links":{"self":[{"href":"https:\/\/archive.sana.sy\/es\/index.php?rest_route=\/wp\/v2\/posts\/209538"}],"collection":[{"href":"https:\/\/archive.sana.sy\/es\/index.php?rest_route=\/wp\/v2\/posts"}],"about":[{"href":"https:\/\/archive.sana.sy\/es\/index.php?rest_route=\/wp\/v2\/types\/post"}],"author":[{"embeddable":true,"href":"https:\/\/archive.sana.sy\/es\/index.php?rest_route=\/wp\/v2\/users\/35"}],"replies":[{"embeddable":true,"href":"https:\/\/archive.sana.sy\/es\/index.php?rest_route=%2Fwp%2Fv2%2Fcomments&post=209538"}],"version-history":[{"count":0,"href":"https:\/\/archive.sana.sy\/es\/index.php?rest_route=\/wp\/v2\/posts\/209538\/revisions"}],"wp:featuredmedia":[{"embeddable":true,"href":"https:\/\/archive.sana.sy\/es\/index.php?rest_route=\/wp\/v2\/media\/209539"}],"wp:attachment":[{"href":"https:\/\/archive.sana.sy\/es\/index.php?rest_route=%2Fwp%2Fv2%2Fmedia&parent=209538"}],"wp:term":[{"taxonomy":"category","embeddable":true,"href":"https:\/\/archive.sana.sy\/es\/index.php?rest_route=%2Fwp%2Fv2%2Fcategories&post=209538"},{"taxonomy":"post_tag","embeddable":true,"href":"https:\/\/archive.sana.sy\/es\/index.php?rest_route=%2Fwp%2Fv2%2Ftags&post=209538"}],"curies":[{"name":"wp","href":"https:\/\/api.w.org\/{rel}","templated":true}]}}