{"id":209611,"date":"2021-12-11T13:32:05","date_gmt":"2021-12-11T11:32:05","guid":{"rendered":"http:\/\/107.6.182.27\/es\/?p=209611"},"modified":"2021-12-11T21:15:53","modified_gmt":"2021-12-11T19:15:53","slug":"siria-gana-medalla-de-oro-en-campeonato-arabe-de-esgrima","status":"publish","type":"post","link":"https:\/\/archive.sana.sy\/es\/?p=209611","title":{"rendered":"Siria gana medalla de oro en Campeonato \u00c1rabe de Esgrima"},"content":{"rendered":"<p style=\"text-align: justify;\"><strong><span style=\"color: #800000;\">Bagdad, 11 dic (SANA)<\/span><\/strong>\u00a0 \u00a0Siria gan\u00f3 este s\u00e1bado una medalla de oro en las competencias del Campeonato \u00c1rabe de Esgrima celebrada actualmente en la capital iraqu\u00ed, Bagdad.<\/p>\n<p style=\"text-align: justify;\">La dorada fue obtenida conjuntamente en la categor\u00eda de Espada por las esgrimistas Najlaa Sharqui, Afrodet Ahmad y Mari Ali.<\/p>\n<p style=\"text-align: justify;\">La v\u00edspera, Ahmed conquist\u00f3 una plateada en el mismo campeonato en las competencias de la categor\u00eda de Espada.<\/p>\n<p style=\"text-align: justify;\">Tambi\u00e9n, Sharqui y Ali lograron dos medallas de bronce para las categor\u00edas de Espada y Sable respectivamente.<\/p>\n<p>rr\/fm<\/p>\n","protected":false},"excerpt":{"rendered":"<p>Bagdad, 11 dic (SANA)\u00a0 \u00a0Siria gan\u00f3 este s\u00e1bado una medalla de oro en las competencias del Campeonato \u00c1rabe de Esgrima celebrada actualmente en la capital iraqu\u00ed, Bagdad. La dorada fue obtenida conjuntamente en la categor\u00eda de Espada por las esgrimistas Najlaa Sharqui, Afrodet Ahmad y Mari Ali. La v\u00edspera, Ahmed conquist\u00f3 una plateada en el &hellip;<\/p>\n","protected":false},"author":31,"featured_media":209612,"comment_status":"closed","ping_status":"closed","sticky":false,"template":"","format":"standard","meta":{"footnotes":""},"categories":[597,494,19549,583],"tags":[],"class_list":["post-209611","post","type-post","status-publish","format-standard","has-post-thumbnail","","category-cinta-de-noticias","category-deportes","category-ellas","category-slide"],"_links":{"self":[{"href":"https:\/\/archive.sana.sy\/es\/index.php?rest_route=\/wp\/v2\/posts\/209611"}],"collection":[{"href":"https:\/\/archive.sana.sy\/es\/index.php?rest_route=\/wp\/v2\/posts"}],"about":[{"href":"https:\/\/archive.sana.sy\/es\/index.php?rest_route=\/wp\/v2\/types\/post"}],"author":[{"embeddable":true,"href":"https:\/\/archive.sana.sy\/es\/index.php?rest_route=\/wp\/v2\/users\/31"}],"replies":[{"embeddable":true,"href":"https:\/\/archive.sana.sy\/es\/index.php?rest_route=%2Fwp%2Fv2%2Fcomments&post=209611"}],"version-history":[{"count":0,"href":"https:\/\/archive.sana.sy\/es\/index.php?rest_route=\/wp\/v2\/posts\/209611\/revisions"}],"wp:featuredmedia":[{"embeddable":true,"href":"https:\/\/archive.sana.sy\/es\/index.php?rest_route=\/wp\/v2\/media\/209612"}],"wp:attachment":[{"href":"https:\/\/archive.sana.sy\/es\/index.php?rest_route=%2Fwp%2Fv2%2Fmedia&parent=209611"}],"wp:term":[{"taxonomy":"category","embeddable":true,"href":"https:\/\/archive.sana.sy\/es\/index.php?rest_route=%2Fwp%2Fv2%2Fcategories&post=209611"},{"taxonomy":"post_tag","embeddable":true,"href":"https:\/\/archive.sana.sy\/es\/index.php?rest_route=%2Fwp%2Fv2%2Ftags&post=209611"}],"curies":[{"name":"wp","href":"https:\/\/api.w.org\/{rel}","templated":true}]}}