{"id":209700,"date":"2021-12-12T20:26:17","date_gmt":"2021-12-12T18:26:17","guid":{"rendered":"http:\/\/107.6.182.27\/es\/?p=209700"},"modified":"2021-12-12T20:26:17","modified_gmt":"2021-12-12T18:26:17","slug":"un-civil-asesinado-a-tiros-de-milicia-afin-a-la-ocupacion-estadounidense","status":"publish","type":"post","link":"https:\/\/archive.sana.sy\/es\/?p=209700","title":{"rendered":"Un civil asesinado a tiros de milicia af\u00edn a la ocupaci\u00f3n estadounidense"},"content":{"rendered":"<p style=\"text-align: justify;\"><span style=\"color: #800000;\"><strong>Raqa, 12 dic (SANA)\u00a0 \u00a0 <\/strong><\/span>Un civil perdi\u00f3 la vida a tiros de uno de los integrantes de la milicia separatista Fuerzas Democr\u00e1ticas Sirias (FDS), mercenaria de las fuerzas de ocupaci\u00f3n estadounidense, al oeste de la provincia de Raqa.<\/p>\n<p style=\"text-align: justify;\">\u201cUn armado de FDS le quit\u00f3 la vida a un lugare\u00f1o mientras pasaba con su esposa cerca de uno de los cuarteles de la milicia al oeste de Raqa\u201d, seg\u00fan informaron activistas locales a nuestro corresponsal.<\/p>\n<p style=\"text-align: justify;\">Estos incidentes y otros actos agresivos suceden a frecuencia en las zonas controladas por este grupo ilegal apoyado por Washington.<\/p>\n<p style=\"text-align: justify;\"><strong>ah\/fm<\/strong><\/p>\n","protected":false},"excerpt":{"rendered":"<p>Raqa, 12 dic (SANA)\u00a0 \u00a0 Un civil perdi\u00f3 la vida a tiros de uno de los integrantes de la milicia separatista Fuerzas Democr\u00e1ticas Sirias (FDS), mercenaria de las fuerzas de ocupaci\u00f3n estadounidense, al oeste de la provincia de Raqa. \u201cUn armado de FDS le quit\u00f3 la vida a un lugare\u00f1o mientras pasaba con su esposa &hellip;<\/p>\n","protected":false},"author":30,"featured_media":209701,"comment_status":"closed","ping_status":"closed","sticky":false,"template":"","format":"standard","meta":{"footnotes":""},"categories":[597,573,457,7541],"tags":[7132,20529],"class_list":["post-209700","post","type-post","status-publish","format-standard","has-post-thumbnail","","category-cinta-de-noticias","category-la-realidad-de-los-acontecimientos-en-siria","category-noticias-arabe-internacional-politica","category-ultimas-noticias","tag-eeuu","tag-qasad-fds"],"_links":{"self":[{"href":"https:\/\/archive.sana.sy\/es\/index.php?rest_route=\/wp\/v2\/posts\/209700"}],"collection":[{"href":"https:\/\/archive.sana.sy\/es\/index.php?rest_route=\/wp\/v2\/posts"}],"about":[{"href":"https:\/\/archive.sana.sy\/es\/index.php?rest_route=\/wp\/v2\/types\/post"}],"author":[{"embeddable":true,"href":"https:\/\/archive.sana.sy\/es\/index.php?rest_route=\/wp\/v2\/users\/30"}],"replies":[{"embeddable":true,"href":"https:\/\/archive.sana.sy\/es\/index.php?rest_route=%2Fwp%2Fv2%2Fcomments&post=209700"}],"version-history":[{"count":0,"href":"https:\/\/archive.sana.sy\/es\/index.php?rest_route=\/wp\/v2\/posts\/209700\/revisions"}],"wp:featuredmedia":[{"embeddable":true,"href":"https:\/\/archive.sana.sy\/es\/index.php?rest_route=\/wp\/v2\/media\/209701"}],"wp:attachment":[{"href":"https:\/\/archive.sana.sy\/es\/index.php?rest_route=%2Fwp%2Fv2%2Fmedia&parent=209700"}],"wp:term":[{"taxonomy":"category","embeddable":true,"href":"https:\/\/archive.sana.sy\/es\/index.php?rest_route=%2Fwp%2Fv2%2Fcategories&post=209700"},{"taxonomy":"post_tag","embeddable":true,"href":"https:\/\/archive.sana.sy\/es\/index.php?rest_route=%2Fwp%2Fv2%2Ftags&post=209700"}],"curies":[{"name":"wp","href":"https:\/\/api.w.org\/{rel}","templated":true}]}}