{"id":209771,"date":"2021-12-13T07:52:12","date_gmt":"2021-12-13T05:52:12","guid":{"rendered":"http:\/\/107.6.182.27\/es\/?p=209771"},"modified":"2023-01-10T15:33:01","modified_gmt":"2023-01-10T13:33:01","slug":"titulares-de-la-agencia-sana12-de-diciembre-2021","status":"publish","type":"post","link":"https:\/\/archive.sana.sy\/es\/?p=209771","title":{"rendered":"Titulares de la agencia SANA,12 de diciembre 2021"},"content":{"rendered":"<p style=\"text-align: justify;\"><span style=\"color: #800000;\"><strong>Damasco, 12de dic (SANA)<\/strong><\/span><\/p>\n<p style=\"text-align: justify;\">???????? Primer Ministro inspecciona implementaci\u00f3n de proyectos de servicio y fomento en Deir Ezzor.<\/p>\n<p style=\"text-align: justify;\">???????? Mekdad y Pedersen abordan evoluci\u00f3n de la situaci\u00f3n en Siria y el curso del proceso pol\u00edtico.<\/p>\n<p style=\"text-align: justify;\">???????? Localidad siria protesta contra cr\u00edmenes de Turqu\u00eda en el norte de Alepo.<\/p>\n<p style=\"text-align: justify;\">???????? Contin\u00faa proceso de reconciliaci\u00f3n y pacificaci\u00f3n en municipio de Albukamal.<\/p>\n<p style=\"text-align: justify;\">???????? Siria y Rusia examinan optimizar sus relaciones, especialmente en el campo parlamentario.<\/p>\n<p style=\"text-align: justify;\">???????? Siria levanta restricciones para entrada de nacionales libaneses.<\/p>\n<p style=\"text-align: justify;\">???????? Amin al-Jundi, el pionero de las moaxajas (Qudud)<\/p>\n<p style=\"text-align: justify;\">???????? Ministro de Defensa de Rusia destaca prometedora cooperaci\u00f3n t\u00e9cnico-militar con la India.<\/p>\n<p style=\"text-align: justify;\">???????? Equipo sirio de b\u00e1dminton logra 11 medallas en el Campeonato de Asia Occidental.<\/p>\n<p style=\"text-align: justify;\">???????? Siria report\u00f3 88 nuevos casos de Covid-19.<\/p>\n<p style=\"text-align: justify;\">???????? Mercenarios de Ankara talan cientos de olivos en el municipio de Efr\u00edn, Alepo.<\/p>\n<p style=\"text-align: justify;\">???????? La ocupaci\u00f3n no podr\u00e1 quebrar nuestra voluntad, afirma prisionera palestina liberada.<\/p>\n<p style=\"text-align: justify;\">???????? Un civil asesinado a tiros de milicia af\u00edn a la ocupaci\u00f3n estadounidense.<\/p>\n<p style=\"text-align: justify;\">???????? Patriarca Younan destaca firmeza de las comunidades cristianas sirias y su negativa a emigrar.<\/p>\n<p style=\"text-align: justify;\">???????? Equipo sirio de b\u00e1dminton logra 11 medallas en el Campeonato de Asia Occidental.<\/p>\n<p style=\"text-align: justify;\">???????? Mercenarios proturcos contin\u00faan el saqueo de las antig\u00fcedades de Efr\u00edn, Alepo.<\/p>\n<p style=\"text-align: justify;\">???????? Ceremonia de \u201cDeseos de la Navidad\u201d en el Teatro de Homs.<\/p>\n<p style=\"text-align: justify;\">???????? 50 empresas de Siria e Irak participan en la Feria de Exportaci\u00f3n.<\/p>\n<p style=\"text-align: justify;\">???????? Partido de baloncesto en silla de ruedas en Damasco.<\/p>\n<p style=\"text-align: justify;\">???????? Concluye campa\u00f1a de 16 d\u00edas contra la violencia de g\u00e9nero en Banias, Tartus.<\/p>\n<p style=\"text-align: justify;\">\n<p style=\"text-align: justify;\">\n","protected":false},"excerpt":{"rendered":"<p>Damasco, 12de dic (SANA) ???????? Primer Ministro inspecciona implementaci\u00f3n de proyectos de servicio y fomento en Deir Ezzor. ???????? Mekdad y Pedersen abordan evoluci\u00f3n de la situaci\u00f3n en Siria y el curso del proceso pol\u00edtico. ???????? Localidad siria protesta contra cr\u00edmenes de Turqu\u00eda en el norte de Alepo. ???????? Contin\u00faa proceso de reconciliaci\u00f3n y pacificaci\u00f3n &hellip;<\/p>\n","protected":false},"author":32,"featured_media":209494,"comment_status":"closed","ping_status":"closed","sticky":false,"template":"","format":"standard","meta":{"footnotes":""},"categories":[447,555,597,476,7541],"tags":[2626,20528,6695,6553],"class_list":["post-209771","post","type-post","status-publish","format-standard","has-post-thumbnail","","category-local-politica","category-prensa","category-cinta-de-noticias","category-locales","category-ultimas-noticias","tag-alepo","tag-la-india","tag-rusia","tag-siria"],"_links":{"self":[{"href":"https:\/\/archive.sana.sy\/es\/index.php?rest_route=\/wp\/v2\/posts\/209771"}],"collection":[{"href":"https:\/\/archive.sana.sy\/es\/index.php?rest_route=\/wp\/v2\/posts"}],"about":[{"href":"https:\/\/archive.sana.sy\/es\/index.php?rest_route=\/wp\/v2\/types\/post"}],"author":[{"embeddable":true,"href":"https:\/\/archive.sana.sy\/es\/index.php?rest_route=\/wp\/v2\/users\/32"}],"replies":[{"embeddable":true,"href":"https:\/\/archive.sana.sy\/es\/index.php?rest_route=%2Fwp%2Fv2%2Fcomments&post=209771"}],"version-history":[{"count":0,"href":"https:\/\/archive.sana.sy\/es\/index.php?rest_route=\/wp\/v2\/posts\/209771\/revisions"}],"wp:featuredmedia":[{"embeddable":true,"href":"https:\/\/archive.sana.sy\/es\/index.php?rest_route=\/wp\/v2\/media\/209494"}],"wp:attachment":[{"href":"https:\/\/archive.sana.sy\/es\/index.php?rest_route=%2Fwp%2Fv2%2Fmedia&parent=209771"}],"wp:term":[{"taxonomy":"category","embeddable":true,"href":"https:\/\/archive.sana.sy\/es\/index.php?rest_route=%2Fwp%2Fv2%2Fcategories&post=209771"},{"taxonomy":"post_tag","embeddable":true,"href":"https:\/\/archive.sana.sy\/es\/index.php?rest_route=%2Fwp%2Fv2%2Ftags&post=209771"}],"curies":[{"name":"wp","href":"https:\/\/api.w.org\/{rel}","templated":true}]}}