{"id":209774,"date":"2021-12-13T08:22:18","date_gmt":"2021-12-13T06:22:18","guid":{"rendered":"http:\/\/107.6.182.27\/es\/?p=209774"},"modified":"2023-01-12T14:39:34","modified_gmt":"2023-01-12T12:39:34","slug":"fuerzas-de-ocupacion-israelies-asesinan-a-un-palestino-e-hieren-a-otros-dos","status":"publish","type":"post","link":"https:\/\/archive.sana.sy\/es\/?p=209774","title":{"rendered":"Fuerzas de ocupaci\u00f3n israel\u00edes asesinan a un palestino e hieren a otros dos"},"content":{"rendered":"<p style=\"text-align: justify;\"><span style=\"color: #800000;\"><strong>Jerusal\u00e9n ocupada, 12 dic (SANA)\u00a0<\/strong><\/span> \u00a0Un palestino muri\u00f3 y otros dos resultaron heridos este lunes, por disparos de las fuerzas de ocupaci\u00f3n israel\u00edes en la ciudad de Naplusa en Cisjordania.<\/p>\n<p style=\"text-align: justify;\">&#8220;Las fuerzas de ocupaci\u00f3n irrumpieron en la zona de Ras al-Ain en la ciudad de Naplusa donde abrieron el fuego de sus armas contra los palestinos, lo que provoc\u00f3 la muerte de un joven y heridas a otros dos, y detuvieron a otro en la misma zona&#8221;, dijo el director del Centro de Emergencias de la Media Luna Roja en Naplusa, Ahmed Jibril, citado por la agencia palestina de noticias Wafa.<\/p>\n<p style=\"text-align: justify;\">El \u00faltimo s\u00e1bado, un palestino perdi\u00f3 su vida y decenas resultaron heridas cuando las fuerzas de ocupaci\u00f3n israel\u00edes reprimieron una manifestaci\u00f3n contra las colonias en la ciudad de Beita.<\/p>\n<p><em><strong>ed\/fm<\/strong><\/em><\/p>\n","protected":false},"excerpt":{"rendered":"<p>Jerusal\u00e9n ocupada, 12 dic (SANA)\u00a0 \u00a0Un palestino muri\u00f3 y otros dos resultaron heridos este lunes, por disparos de las fuerzas de ocupaci\u00f3n israel\u00edes en la ciudad de Naplusa en Cisjordania. &#8220;Las fuerzas de ocupaci\u00f3n irrumpieron en la zona de Ras al-Ain en la ciudad de Naplusa donde abrieron el fuego de sus armas contra los &hellip;<\/p>\n","protected":false},"author":32,"featured_media":209775,"comment_status":"closed","ping_status":"closed","sticky":false,"template":"","format":"standard","meta":{"footnotes":""},"categories":[597,456,7541],"tags":[9074,10660,19720],"class_list":["post-209774","post","type-post","status-publish","format-standard","has-post-thumbnail","","category-cinta-de-noticias","category-arabe-internacional-politica","category-ultimas-noticias","tag-cisjordania","tag-jerusalen-ocupada","tag-naplusa"],"_links":{"self":[{"href":"https:\/\/archive.sana.sy\/es\/index.php?rest_route=\/wp\/v2\/posts\/209774"}],"collection":[{"href":"https:\/\/archive.sana.sy\/es\/index.php?rest_route=\/wp\/v2\/posts"}],"about":[{"href":"https:\/\/archive.sana.sy\/es\/index.php?rest_route=\/wp\/v2\/types\/post"}],"author":[{"embeddable":true,"href":"https:\/\/archive.sana.sy\/es\/index.php?rest_route=\/wp\/v2\/users\/32"}],"replies":[{"embeddable":true,"href":"https:\/\/archive.sana.sy\/es\/index.php?rest_route=%2Fwp%2Fv2%2Fcomments&post=209774"}],"version-history":[{"count":0,"href":"https:\/\/archive.sana.sy\/es\/index.php?rest_route=\/wp\/v2\/posts\/209774\/revisions"}],"wp:featuredmedia":[{"embeddable":true,"href":"https:\/\/archive.sana.sy\/es\/index.php?rest_route=\/wp\/v2\/media\/209775"}],"wp:attachment":[{"href":"https:\/\/archive.sana.sy\/es\/index.php?rest_route=%2Fwp%2Fv2%2Fmedia&parent=209774"}],"wp:term":[{"taxonomy":"category","embeddable":true,"href":"https:\/\/archive.sana.sy\/es\/index.php?rest_route=%2Fwp%2Fv2%2Fcategories&post=209774"},{"taxonomy":"post_tag","embeddable":true,"href":"https:\/\/archive.sana.sy\/es\/index.php?rest_route=%2Fwp%2Fv2%2Ftags&post=209774"}],"curies":[{"name":"wp","href":"https:\/\/api.w.org\/{rel}","templated":true}]}}