{"id":209777,"date":"2021-12-13T09:37:06","date_gmt":"2021-12-13T07:37:06","guid":{"rendered":"http:\/\/107.6.182.27\/es\/?p=209777"},"modified":"2023-01-09T14:04:38","modified_gmt":"2023-01-09T12:04:38","slug":"fuerzas-de-eeuu-asesinan-a-tres-civiles-en-deir-ezzor-siria","status":"publish","type":"post","link":"https:\/\/archive.sana.sy\/es\/?p=209777","title":{"rendered":"Fuerzas de EEUU asesinan a tres civiles en Deir Ezzor\/Siria"},"content":{"rendered":"<p style=\"text-align: justify;\"><strong><span style=\"color: #800000;\">Deir Ezzor, 13 dic (SANA)<\/span><\/strong>\u00a0 Las fuerzas de ocupaci\u00f3n estadounidenses llevaron a cabo una operaci\u00f3n de mando aerotransportada a gran escala en la ciudad de al-Busaira, al este de la provincia oriental siria de Deir Ezzor.<\/p>\n<p style=\"text-align: justify;\">Seg\u00fan activistas locales citados por el corresponsal de SANA, la operaci\u00f3n se efectu\u00f3 con apoyo de la milicia proestadounidense Fuerzas Democr\u00e1ticas de Siria (FDS).<\/p>\n<p style=\"text-align: justify;\">Precisaron que los militares estadounidenses e integrantes de la FDS abrieron el fuego de sus armas contra las casas y las tierras agr\u00edcolas, lo que caus\u00f3 la merte de tres civiles de una misma familia.<\/p>\n<p style=\"text-align: justify;\">Asimismo, varios civiles fueron secuestrados y llevados a un lugar desconocido.<\/p>\n<p><strong><span style=\"color: #0000ff;\">fm\/ws<\/span><\/strong><\/p>\n","protected":false},"excerpt":{"rendered":"<p>Deir Ezzor, 13 dic (SANA)\u00a0 Las fuerzas de ocupaci\u00f3n estadounidenses llevaron a cabo una operaci\u00f3n de mando aerotransportada a gran escala en la ciudad de al-Busaira, al este de la provincia oriental siria de Deir Ezzor. Seg\u00fan activistas locales citados por el corresponsal de SANA, la operaci\u00f3n se efectu\u00f3 con apoyo de la milicia proestadounidense &hellip;<\/p>\n","protected":false},"author":35,"featured_media":209778,"comment_status":"closed","ping_status":"closed","sticky":false,"template":"","format":"standard","meta":{"footnotes":""},"categories":[477,597,573,476,7541],"tags":[20532,10402,7132,19605,1347,6553],"class_list":["post-209777","post","type-post","status-publish","format-standard","has-post-thumbnail","","category-noticias-edulcorantes","category-cinta-de-noticias","category-la-realidad-de-los-acontecimientos-en-siria","category-locales","category-ultimas-noticias","tag-aerotransportada","tag-deir-ezzor","tag-eeuu","tag-fds","tag-sana","tag-siria"],"_links":{"self":[{"href":"https:\/\/archive.sana.sy\/es\/index.php?rest_route=\/wp\/v2\/posts\/209777"}],"collection":[{"href":"https:\/\/archive.sana.sy\/es\/index.php?rest_route=\/wp\/v2\/posts"}],"about":[{"href":"https:\/\/archive.sana.sy\/es\/index.php?rest_route=\/wp\/v2\/types\/post"}],"author":[{"embeddable":true,"href":"https:\/\/archive.sana.sy\/es\/index.php?rest_route=\/wp\/v2\/users\/35"}],"replies":[{"embeddable":true,"href":"https:\/\/archive.sana.sy\/es\/index.php?rest_route=%2Fwp%2Fv2%2Fcomments&post=209777"}],"version-history":[{"count":0,"href":"https:\/\/archive.sana.sy\/es\/index.php?rest_route=\/wp\/v2\/posts\/209777\/revisions"}],"wp:featuredmedia":[{"embeddable":true,"href":"https:\/\/archive.sana.sy\/es\/index.php?rest_route=\/wp\/v2\/media\/209778"}],"wp:attachment":[{"href":"https:\/\/archive.sana.sy\/es\/index.php?rest_route=%2Fwp%2Fv2%2Fmedia&parent=209777"}],"wp:term":[{"taxonomy":"category","embeddable":true,"href":"https:\/\/archive.sana.sy\/es\/index.php?rest_route=%2Fwp%2Fv2%2Fcategories&post=209777"},{"taxonomy":"post_tag","embeddable":true,"href":"https:\/\/archive.sana.sy\/es\/index.php?rest_route=%2Fwp%2Fv2%2Ftags&post=209777"}],"curies":[{"name":"wp","href":"https:\/\/api.w.org\/{rel}","templated":true}]}}