{"id":209947,"date":"2021-12-14T06:21:23","date_gmt":"2021-12-14T04:21:23","guid":{"rendered":"http:\/\/107.6.182.27\/es\/?p=209947"},"modified":"2023-01-10T14:22:43","modified_gmt":"2023-01-10T12:22:43","slug":"con-78-casos-de-covid-19-siria-reporta-la-cifra-diaria-mas-baja-en-ultimos-cuatro-meses","status":"publish","type":"post","link":"https:\/\/archive.sana.sy\/es\/?p=209947","title":{"rendered":"Con 78 casos de Covid-19, Siria reporta la cifra diaria m\u00e1s baja en \u00faltimos cuatro meses"},"content":{"rendered":"<p style=\"text-align: justify;\"><span style=\"color: #800000;\"><strong>Damasco, 14 dic (SANA)\u00a0\u00a0<\/strong><\/span>\u00a0 78 nuevos casos y cuatro por la Covid-19 fueron confirmados por el Ministerio de Salud de Siria durante las \u00faltimas 24 horas, lo cual se considera las cifras m\u00e1s bajas confirmadas en los \u00faltimos cuatro meses.<\/p>\n<p style=\"text-align: justify;\">\u201cEl total de infectados en el pa\u00eds aument\u00f3 a 49 mil 350 mientras los decesos se elev\u00f3 2,818, precis\u00f3 el parte diario del ente.<\/p>\n<p style=\"text-align: justify;\">Agreg\u00f3 que el total de recuperados se elev\u00f3 a 30 mil 573 tras la recuperaci\u00f3n de 100 en las \u00faltimas 24 horas.<\/p>\n<p style=\"text-align: justify;\">Siria enfrenta esta pandemia en medio de un bloqueo injusto asfixiante impuesto por EEUU y algunos pa\u00edses de la UE, lo cual dificulta las capacidades del pa\u00eds de enfrentar esta pandemia.<\/p>\n<p style=\"text-align: justify;\">fm<\/p>\n","protected":false},"excerpt":{"rendered":"<p>Damasco, 14 dic (SANA)\u00a0\u00a0\u00a0 78 nuevos casos y cuatro por la Covid-19 fueron confirmados por el Ministerio de Salud de Siria durante las \u00faltimas 24 horas, lo cual se considera las cifras m\u00e1s bajas confirmadas en los \u00faltimos cuatro meses. \u201cEl total de infectados en el pa\u00eds aument\u00f3 a 49 mil 350 mientras los decesos &hellip;<\/p>\n","protected":false},"author":34,"featured_media":209948,"comment_status":"closed","ping_status":"closed","sticky":false,"template":"","format":"standard","meta":{"footnotes":""},"categories":[447,477,597,476,457,7541],"tags":[],"class_list":["post-209947","post","type-post","status-publish","format-standard","has-post-thumbnail","","category-local-politica","category-noticias-edulcorantes","category-cinta-de-noticias","category-locales","category-noticias-arabe-internacional-politica","category-ultimas-noticias"],"_links":{"self":[{"href":"https:\/\/archive.sana.sy\/es\/index.php?rest_route=\/wp\/v2\/posts\/209947"}],"collection":[{"href":"https:\/\/archive.sana.sy\/es\/index.php?rest_route=\/wp\/v2\/posts"}],"about":[{"href":"https:\/\/archive.sana.sy\/es\/index.php?rest_route=\/wp\/v2\/types\/post"}],"author":[{"embeddable":true,"href":"https:\/\/archive.sana.sy\/es\/index.php?rest_route=\/wp\/v2\/users\/34"}],"replies":[{"embeddable":true,"href":"https:\/\/archive.sana.sy\/es\/index.php?rest_route=%2Fwp%2Fv2%2Fcomments&post=209947"}],"version-history":[{"count":0,"href":"https:\/\/archive.sana.sy\/es\/index.php?rest_route=\/wp\/v2\/posts\/209947\/revisions"}],"wp:featuredmedia":[{"embeddable":true,"href":"https:\/\/archive.sana.sy\/es\/index.php?rest_route=\/wp\/v2\/media\/209948"}],"wp:attachment":[{"href":"https:\/\/archive.sana.sy\/es\/index.php?rest_route=%2Fwp%2Fv2%2Fmedia&parent=209947"}],"wp:term":[{"taxonomy":"category","embeddable":true,"href":"https:\/\/archive.sana.sy\/es\/index.php?rest_route=%2Fwp%2Fv2%2Fcategories&post=209947"},{"taxonomy":"post_tag","embeddable":true,"href":"https:\/\/archive.sana.sy\/es\/index.php?rest_route=%2Fwp%2Fv2%2Ftags&post=209947"}],"curies":[{"name":"wp","href":"https:\/\/api.w.org\/{rel}","templated":true}]}}