{"id":210029,"date":"2021-12-15T06:18:57","date_gmt":"2021-12-15T04:18:57","guid":{"rendered":"http:\/\/107.6.182.27\/es\/?p=210029"},"modified":"2023-01-10T14:22:40","modified_gmt":"2023-01-10T12:22:40","slug":"cifra-de-nuevos-casos-de-covid-19-en-siria-sigue-decreciendo","status":"publish","type":"post","link":"https:\/\/archive.sana.sy\/es\/?p=210029","title":{"rendered":"Cifra de nuevos casos de Covid-19 en Siria sigue decreciendo"},"content":{"rendered":"<p style=\"text-align: justify;\"><span style=\"color: #800000;\"><strong>Damasco, 15 dic (SANA)\u00a0 \u00a0<\/strong><\/span>73 nuevos casos y cinco decesos \u00a0por la Covid-19 fueron confirmados por el Ministerio de Salud de Siria durante las \u00faltimas 24 horas.<\/p>\n<p style=\"text-align: justify;\">Esta cifra de nuevos contagios se considera la m\u00e1s bajas confirmadas en los \u00faltimos cuatro meses.<\/p>\n<p style=\"text-align: justify;\">\u201cEl total de infectados en el pa\u00eds aument\u00f3 a 49 mil 324 mientras los decesos se elev\u00f3 2,823\u201d, precis\u00f3 el parte diario del ente.<\/p>\n<p style=\"text-align: justify;\">Agreg\u00f3 que el total de recuperados se elev\u00f3 a 30 mil 670 tras la recuperaci\u00f3n de 97 en las \u00faltimas 24 horas.<\/p>\n<p style=\"text-align: justify;\">Siria enfrenta esta pandemia en medio de un bloqueo injusto asfixiante impuesto por EEUU y algunos pa\u00edses de la UE, lo cual dificulta las capacidades del pa\u00eds de enfrentar esta pandemia.<\/p>\n<p style=\"text-align: justify;\">fm<\/p>\n","protected":false},"excerpt":{"rendered":"<p>Damasco, 15 dic (SANA)\u00a0 \u00a073 nuevos casos y cinco decesos \u00a0por la Covid-19 fueron confirmados por el Ministerio de Salud de Siria durante las \u00faltimas 24 horas. Esta cifra de nuevos contagios se considera la m\u00e1s bajas confirmadas en los \u00faltimos cuatro meses. \u201cEl total de infectados en el pa\u00eds aument\u00f3 a 49 mil 324 &hellip;<\/p>\n","protected":false},"author":34,"featured_media":210030,"comment_status":"closed","ping_status":"closed","sticky":false,"template":"","format":"standard","meta":{"footnotes":""},"categories":[447,477,597,476,457,7541],"tags":[],"class_list":["post-210029","post","type-post","status-publish","format-standard","has-post-thumbnail","","category-local-politica","category-noticias-edulcorantes","category-cinta-de-noticias","category-locales","category-noticias-arabe-internacional-politica","category-ultimas-noticias"],"_links":{"self":[{"href":"https:\/\/archive.sana.sy\/es\/index.php?rest_route=\/wp\/v2\/posts\/210029"}],"collection":[{"href":"https:\/\/archive.sana.sy\/es\/index.php?rest_route=\/wp\/v2\/posts"}],"about":[{"href":"https:\/\/archive.sana.sy\/es\/index.php?rest_route=\/wp\/v2\/types\/post"}],"author":[{"embeddable":true,"href":"https:\/\/archive.sana.sy\/es\/index.php?rest_route=\/wp\/v2\/users\/34"}],"replies":[{"embeddable":true,"href":"https:\/\/archive.sana.sy\/es\/index.php?rest_route=%2Fwp%2Fv2%2Fcomments&post=210029"}],"version-history":[{"count":0,"href":"https:\/\/archive.sana.sy\/es\/index.php?rest_route=\/wp\/v2\/posts\/210029\/revisions"}],"wp:featuredmedia":[{"embeddable":true,"href":"https:\/\/archive.sana.sy\/es\/index.php?rest_route=\/wp\/v2\/media\/210030"}],"wp:attachment":[{"href":"https:\/\/archive.sana.sy\/es\/index.php?rest_route=%2Fwp%2Fv2%2Fmedia&parent=210029"}],"wp:term":[{"taxonomy":"category","embeddable":true,"href":"https:\/\/archive.sana.sy\/es\/index.php?rest_route=%2Fwp%2Fv2%2Fcategories&post=210029"},{"taxonomy":"post_tag","embeddable":true,"href":"https:\/\/archive.sana.sy\/es\/index.php?rest_route=%2Fwp%2Fv2%2Ftags&post=210029"}],"curies":[{"name":"wp","href":"https:\/\/api.w.org\/{rel}","templated":true}]}}