{"id":210032,"date":"2021-12-15T06:31:28","date_gmt":"2021-12-15T04:31:28","guid":{"rendered":"http:\/\/107.6.182.27\/es\/?p=210032"},"modified":"2023-01-10T15:28:40","modified_gmt":"2023-01-10T13:28:40","slug":"siria-y-serbia-firman-acuerdo-de-cooperacion-en-el-ambito-de-la-agricultura","status":"publish","type":"post","link":"https:\/\/archive.sana.sy\/es\/?p=210032","title":{"rendered":"Siria y Serbia firman acuerdo de cooperaci\u00f3n en el \u00e1mbito de la agricultura"},"content":{"rendered":"<p><span style=\"color: #800000;\"><strong>Damasco, 15 dic (SANA)\u00a0\u00a0<\/strong><\/span> El ministro de Agricultura, Mohamed Hassan Qatna, convers\u00f3 hoy con el Viceministro de Exteriores de Serbia para asuntos de Cooperaci\u00f3n Bilateral, Vladimir Mari\u0107, sobre la activaci\u00f3n del intercambio comercial y la firma de un futuro acuerdo de cooperaci\u00f3n en el sector agr\u00edcola entre los dos pa\u00edses.<\/p>\n<p>Qatna subray\u00f3 la importancia del intercambio comercial en materia de importar desde Serbia fertilizantes, requerimientos de producci\u00f3n, maquinaria agr\u00edcola moderna y forrajes y, a cambio, Siria exporta c\u00edtricos, manzanas, aceite de oliva y plantas ornamentales.<\/p>\n<p>Se trat\u00f3 tambi\u00e9n la posibilidad de trasladar la experiencia siria en el campo de la producci\u00f3n de enemigos biol\u00f3gicos como alternativa a los plaguicidas para erradicar muchos insectos.<\/p>\n<p>El titular sirio habl\u00f3 tambi\u00e9n de la posibilidad de firmar el acuerdo de cooperaci\u00f3n tras acordar su versi\u00f3n final y brindar todas las facilidades para el establecimiento de inversiones en Siria de acuerdo con la nueva ley de inversiones.<\/p>\n<p>Por su parte, Maric expres\u00f3 la disposici\u00f3n de su pa\u00eds de construir una planta de fertilizantes en Siria y participar en las licitaciones que se anuncien, especialmente en los campos de suministro de tractores modernos, forrajes, requisitos de producci\u00f3n agr\u00edcola y pesticidas.<\/p>\n<p>Pidi\u00f3 al ministro Qatna que visite Serbia y conozca la realidad agr\u00edcola y las t\u00e9cnicas utilizadas en este campo.<\/p>\n","protected":false},"excerpt":{"rendered":"<p>Damasco, 15 dic (SANA)\u00a0\u00a0 El ministro de Agricultura, Mohamed Hassan Qatna, convers\u00f3 hoy con el Viceministro de Exteriores de Serbia para asuntos de Cooperaci\u00f3n Bilateral, Vladimir Mari\u0107, sobre la activaci\u00f3n del intercambio comercial y la firma de un futuro acuerdo de cooperaci\u00f3n en el sector agr\u00edcola entre los dos pa\u00edses. Qatna subray\u00f3 la importancia del &hellip;<\/p>\n","protected":false},"author":34,"featured_media":210033,"comment_status":"closed","ping_status":"closed","sticky":false,"template":"","format":"standard","meta":{"footnotes":""},"categories":[477,447,597,16686,485,476,457,467,583,7541],"tags":[],"class_list":["post-210032","post","type-post","status-publish","format-standard","has-post-thumbnail","","category-noticias-edulcorantes","category-local-politica","category-cinta-de-noticias","category-economia","category-informes-negocios-y-finanzas","category-locales","category-noticias-arabe-internacional-politica","category-siria-y-el-mundo","category-slide","category-ultimas-noticias"],"_links":{"self":[{"href":"https:\/\/archive.sana.sy\/es\/index.php?rest_route=\/wp\/v2\/posts\/210032"}],"collection":[{"href":"https:\/\/archive.sana.sy\/es\/index.php?rest_route=\/wp\/v2\/posts"}],"about":[{"href":"https:\/\/archive.sana.sy\/es\/index.php?rest_route=\/wp\/v2\/types\/post"}],"author":[{"embeddable":true,"href":"https:\/\/archive.sana.sy\/es\/index.php?rest_route=\/wp\/v2\/users\/34"}],"replies":[{"embeddable":true,"href":"https:\/\/archive.sana.sy\/es\/index.php?rest_route=%2Fwp%2Fv2%2Fcomments&post=210032"}],"version-history":[{"count":0,"href":"https:\/\/archive.sana.sy\/es\/index.php?rest_route=\/wp\/v2\/posts\/210032\/revisions"}],"wp:featuredmedia":[{"embeddable":true,"href":"https:\/\/archive.sana.sy\/es\/index.php?rest_route=\/wp\/v2\/media\/210033"}],"wp:attachment":[{"href":"https:\/\/archive.sana.sy\/es\/index.php?rest_route=%2Fwp%2Fv2%2Fmedia&parent=210032"}],"wp:term":[{"taxonomy":"category","embeddable":true,"href":"https:\/\/archive.sana.sy\/es\/index.php?rest_route=%2Fwp%2Fv2%2Fcategories&post=210032"},{"taxonomy":"post_tag","embeddable":true,"href":"https:\/\/archive.sana.sy\/es\/index.php?rest_route=%2Fwp%2Fv2%2Ftags&post=210032"}],"curies":[{"name":"wp","href":"https:\/\/api.w.org\/{rel}","templated":true}]}}