{"id":210035,"date":"2021-12-15T07:57:19","date_gmt":"2021-12-15T05:57:19","guid":{"rendered":"http:\/\/107.6.182.27\/es\/?p=210035"},"modified":"2023-01-10T15:33:00","modified_gmt":"2023-01-10T13:33:00","slug":"titulares-de-la-agencia-sana15-de-diciembre-2021","status":"publish","type":"post","link":"https:\/\/archive.sana.sy\/es\/?p=210035","title":{"rendered":"Titulares de la agencia SANA,15 de diciembre 2021"},"content":{"rendered":"<p style=\"text-align: justify;\"><span style=\"color: #800000;\"><strong>Damasco, 15 dic (SANA)<\/strong><\/span><\/p>\n<p style=\"text-align: justify;\">????????Gobierno sirios aprueba plan de fomento y recuperaci\u00f3n de la provincia de Deir Ezzor<\/p>\n<p style=\"text-align: justify;\">????????Pa\u00edses del ALBA ratifican su apoyo a Siria y su rechazo a la injerencia en sus asuntos internos.<\/p>\n<p style=\"text-align: justify;\">????????120 compa\u00f1\u00edas exhiben sus productos en la feria \u201cHecho en Siria\u201d.<\/p>\n<p style=\"text-align: justify;\">???????? Militares sirios bloquean el camino de un convoy militar del ocupante estadounidense.<\/p>\n<p style=\"text-align: justify;\">???????? Mercenarios proturcos secuestran a ni\u00f1os en el norte de Alepo.<\/p>\n<p style=\"text-align: justify;\">????????La radio Alepo, promotora de al-Qudud (el canto musical tradicional de Alepo).<\/p>\n<p style=\"text-align: justify;\">????????Cientos de pr\u00f3fugos siguen acudiendo al centro de reconciliaci\u00f3n en Albukamal.<\/p>\n<p style=\"text-align: justify;\">????????ALBA rechaza medidas coercitivas unilaterales impuestas por EEUU a Siria.<\/p>\n<p style=\"text-align: justify;\">????????La nefasta decisi\u00f3n de anexar el Gol\u00e1n sirio es nula y sin efecto legal, subraya el Parlamento.<\/p>\n<p style=\"text-align: justify;\">????????Subestaci\u00f3n el\u00e9ctrica de Tal Tamer recupera operatividad tras el ataque del ocupante turco.<\/p>\n<p style=\"text-align: justify;\">????????Parlamento aprueba proyecto de ley de Presupuesto General del Estado 2022.<\/p>\n<p style=\"text-align: justify;\">????????Presidente Aoun elogia posturas solidarias de Siria con el L\u00edbano.<\/p>\n<p style=\"text-align: justify;\">????????\u201cIsrael\u201d promueve planes de limpieza \u00e9tnica de la poblaci\u00f3n palestina en Jerusal\u00e9n Este.<\/p>\n<p style=\"text-align: justify;\">????????Joven palestino es herido por fuerzas de ocupaci\u00f3n de Israel.<\/p>\n<p style=\"text-align: justify;\">????????Delegaci\u00f3n brasile\u00f1a presta especial atenci\u00f3n al pabell\u00f3n sirio en la Expo 2020 Dubai.<\/p>\n<p style=\"text-align: justify;\">\n","protected":false},"excerpt":{"rendered":"<p>Damasco, 15 dic (SANA) ????????Gobierno sirios aprueba plan de fomento y recuperaci\u00f3n de la provincia de Deir Ezzor ????????Pa\u00edses del ALBA ratifican su apoyo a Siria y su rechazo a la injerencia en sus asuntos internos. ????????120 compa\u00f1\u00edas exhiben sus productos en la feria \u201cHecho en Siria\u201d. ???????? Militares sirios bloquean el camino de un &hellip;<\/p>\n","protected":false},"author":32,"featured_media":209494,"comment_status":"closed","ping_status":"closed","sticky":false,"template":"","format":"standard","meta":{"footnotes":""},"categories":[447,555,597,476,7541],"tags":[7161,10402,6553],"class_list":["post-210035","post","type-post","status-publish","format-standard","has-post-thumbnail","","category-local-politica","category-prensa","category-cinta-de-noticias","category-locales","category-ultimas-noticias","tag-damasco","tag-deir-ezzor","tag-siria"],"_links":{"self":[{"href":"https:\/\/archive.sana.sy\/es\/index.php?rest_route=\/wp\/v2\/posts\/210035"}],"collection":[{"href":"https:\/\/archive.sana.sy\/es\/index.php?rest_route=\/wp\/v2\/posts"}],"about":[{"href":"https:\/\/archive.sana.sy\/es\/index.php?rest_route=\/wp\/v2\/types\/post"}],"author":[{"embeddable":true,"href":"https:\/\/archive.sana.sy\/es\/index.php?rest_route=\/wp\/v2\/users\/32"}],"replies":[{"embeddable":true,"href":"https:\/\/archive.sana.sy\/es\/index.php?rest_route=%2Fwp%2Fv2%2Fcomments&post=210035"}],"version-history":[{"count":0,"href":"https:\/\/archive.sana.sy\/es\/index.php?rest_route=\/wp\/v2\/posts\/210035\/revisions"}],"wp:featuredmedia":[{"embeddable":true,"href":"https:\/\/archive.sana.sy\/es\/index.php?rest_route=\/wp\/v2\/media\/209494"}],"wp:attachment":[{"href":"https:\/\/archive.sana.sy\/es\/index.php?rest_route=%2Fwp%2Fv2%2Fmedia&parent=210035"}],"wp:term":[{"taxonomy":"category","embeddable":true,"href":"https:\/\/archive.sana.sy\/es\/index.php?rest_route=%2Fwp%2Fv2%2Fcategories&post=210035"},{"taxonomy":"post_tag","embeddable":true,"href":"https:\/\/archive.sana.sy\/es\/index.php?rest_route=%2Fwp%2Fv2%2Ftags&post=210035"}],"curies":[{"name":"wp","href":"https:\/\/api.w.org\/{rel}","templated":true}]}}