{"id":210041,"date":"2021-12-15T15:40:28","date_gmt":"2021-12-15T13:40:28","guid":{"rendered":"http:\/\/107.6.182.27\/es\/?p=210041"},"modified":"2023-01-10T14:22:38","modified_gmt":"2023-01-10T12:22:38","slug":"primer-vuelo-directo-entre-damasco-y-karachi-de-la-compania-aerea-siria-cham-wings","status":"publish","type":"post","link":"https:\/\/archive.sana.sy\/es\/?p=210041","title":{"rendered":"Primer vuelo directo entre Damasco y Karachi de la Compa\u00f1\u00eda a\u00e9rea siria Cham Wings"},"content":{"rendered":"<p style=\"text-align: justify\"><span style=\"color: #800000\"><strong>Damasco, 15 dic (SANA)\u00a0<\/strong><\/span> \u00a0El primer vuelo de la compa\u00f1\u00eda a\u00e9rea siria Cham Wings despeg\u00f3 hoy del aeropuerto internacional de Damasco con destino al aeropuerto de Karachi en la Rep\u00fablica de Pakist\u00e1n.<\/p>\n<p style=\"text-align: justify\"><img loading=\"lazy\" decoding=\"async\" class=\"size-medium wp-image-210047 alignleft\" src=\"http:\/\/107.6.182.27\/es\/wp-content\/uploads\/2021\/12\/sham-15-300x209.jpg\" alt=\"\" width=\"300\" height=\"209\" srcset=\"https:\/\/archive.sana.sy\/es\/wp-content\/uploads\/2021\/12\/sham-15-300x209.jpg 300w, https:\/\/archive.sana.sy\/es\/wp-content\/uploads\/2021\/12\/sham-15-150x104.jpg 150w, https:\/\/archive.sana.sy\/es\/wp-content\/uploads\/2021\/12\/sham-15.jpg 700w\" sizes=\"(max-width: 300px) 100vw, 300px\" \/>Este viaje se enmarca en el plan de la compa\u00f1\u00eda de ampliar sus vuelos al exterior y este destino se convierte en el n\u00famero 14 de sus aviones, seg\u00fan declar\u00f3 el director de Desarrollo y Relaciones P\u00fablicas de la compa\u00f1\u00eda, Osama Sateeh.<\/p>\n<p style=\"text-align: justify\">Enfatiz\u00f3 la importancia de lanzar un vuelo directo entre Damasco y Pakist\u00e1n para satisfacer las necesidades de los viajeros y activar el transporte a\u00e9reo y comercial en general entre los dos pa\u00edses.<\/p>\n<p style=\"text-align: justify\">El 17 de septiembre pasado, los vuelos entre Siria y Pakist\u00e1n fueron reanudados, despu\u00e9s de una interrupci\u00f3n que dur\u00f3 m\u00e1s de veinte a\u00f1os, con un vuelo que sali\u00f3 del Aeropuerto de Karachi al Aeropuerto Internacional de Damasco.<\/p>\n<p style=\"text-align: justify\">Asimismo, el 27 de noviembre pasado, la aerol\u00ednea siria \u201cCham Wings\u201d anunci\u00f3 la operaci\u00f3n de sus primeros vuelos regulares y directos Damasco- Karachi, a partir de mediados de diciembre.<\/p>\n<p style=\"text-align: justify\">fm\/la<\/p>\n<div id='gallery-1' class='gallery galleryid-210041 gallery-columns-1 gallery-size-full'><figure class='gallery-item'>\n\t\t\t<div class='gallery-icon landscape'>\n\t\t\t\t<a href='https:\/\/archive.sana.sy\/es\/wp-content\/uploads\/2021\/12\/266553084_285088446982573_2029843044499322020_n-1.jpg'><img loading=\"lazy\" decoding=\"async\" width=\"1280\" height=\"756\" src=\"https:\/\/archive.sana.sy\/es\/wp-content\/uploads\/2021\/12\/266553084_285088446982573_2029843044499322020_n-1.jpg\" class=\"attachment-full size-full\" alt=\"\" srcset=\"https:\/\/archive.sana.sy\/es\/wp-content\/uploads\/2021\/12\/266553084_285088446982573_2029843044499322020_n-1.jpg 1280w, https:\/\/archive.sana.sy\/es\/wp-content\/uploads\/2021\/12\/266553084_285088446982573_2029843044499322020_n-1-300x177.jpg 300w, https:\/\/archive.sana.sy\/es\/wp-content\/uploads\/2021\/12\/266553084_285088446982573_2029843044499322020_n-1-1024x605.jpg 1024w, https:\/\/archive.sana.sy\/es\/wp-content\/uploads\/2021\/12\/266553084_285088446982573_2029843044499322020_n-1-150x89.jpg 150w, https:\/\/archive.sana.sy\/es\/wp-content\/uploads\/2021\/12\/266553084_285088446982573_2029843044499322020_n-1-768x454.jpg 768w\" sizes=\"(max-width: 1280px) 100vw, 1280px\" \/><\/a>\n\t\t\t<\/div><\/figure><figure class='gallery-item'>\n\t\t\t<div class='gallery-icon landscape'>\n\t\t\t\t<a href='https:\/\/archive.sana.sy\/es\/wp-content\/uploads\/2021\/12\/266280057_285088756982542_866338675627244311_n.jpg'><img loading=\"lazy\" decoding=\"async\" width=\"1280\" height=\"748\" src=\"https:\/\/archive.sana.sy\/es\/wp-content\/uploads\/2021\/12\/266280057_285088756982542_866338675627244311_n.jpg\" class=\"attachment-full size-full\" alt=\"\" srcset=\"https:\/\/archive.sana.sy\/es\/wp-content\/uploads\/2021\/12\/266280057_285088756982542_866338675627244311_n.jpg 1280w, https:\/\/archive.sana.sy\/es\/wp-content\/uploads\/2021\/12\/266280057_285088756982542_866338675627244311_n-300x175.jpg 300w, https:\/\/archive.sana.sy\/es\/wp-content\/uploads\/2021\/12\/266280057_285088756982542_866338675627244311_n-1024x598.jpg 1024w, https:\/\/archive.sana.sy\/es\/wp-content\/uploads\/2021\/12\/266280057_285088756982542_866338675627244311_n-150x88.jpg 150w, https:\/\/archive.sana.sy\/es\/wp-content\/uploads\/2021\/12\/266280057_285088756982542_866338675627244311_n-768x449.jpg 768w\" sizes=\"(max-width: 1280px) 100vw, 1280px\" \/><\/a>\n\t\t\t<\/div><\/figure><figure class='gallery-item'>\n\t\t\t<div class='gallery-icon landscape'>\n\t\t\t\t<a href='https:\/\/archive.sana.sy\/es\/wp-content\/uploads\/2021\/12\/266587154_285088680315883_8021539918686823822_n.jpg'><img loading=\"lazy\" decoding=\"async\" width=\"1280\" height=\"744\" src=\"https:\/\/archive.sana.sy\/es\/wp-content\/uploads\/2021\/12\/266587154_285088680315883_8021539918686823822_n.jpg\" class=\"attachment-full size-full\" alt=\"\" srcset=\"https:\/\/archive.sana.sy\/es\/wp-content\/uploads\/2021\/12\/266587154_285088680315883_8021539918686823822_n.jpg 1280w, https:\/\/archive.sana.sy\/es\/wp-content\/uploads\/2021\/12\/266587154_285088680315883_8021539918686823822_n-300x174.jpg 300w, https:\/\/archive.sana.sy\/es\/wp-content\/uploads\/2021\/12\/266587154_285088680315883_8021539918686823822_n-1024x595.jpg 1024w, https:\/\/archive.sana.sy\/es\/wp-content\/uploads\/2021\/12\/266587154_285088680315883_8021539918686823822_n-150x87.jpg 150w, https:\/\/archive.sana.sy\/es\/wp-content\/uploads\/2021\/12\/266587154_285088680315883_8021539918686823822_n-768x446.jpg 768w\" sizes=\"(max-width: 1280px) 100vw, 1280px\" \/><\/a>\n\t\t\t<\/div><\/figure><figure class='gallery-item'>\n\t\t\t<div class='gallery-icon landscape'>\n\t\t\t\t<a href='https:\/\/archive.sana.sy\/es\/wp-content\/uploads\/2021\/12\/266366472_285088550315896_3418486056373147036_n.jpg'><img loading=\"lazy\" decoding=\"async\" width=\"1280\" height=\"760\" src=\"https:\/\/archive.sana.sy\/es\/wp-content\/uploads\/2021\/12\/266366472_285088550315896_3418486056373147036_n.jpg\" class=\"attachment-full size-full\" alt=\"\" srcset=\"https:\/\/archive.sana.sy\/es\/wp-content\/uploads\/2021\/12\/266366472_285088550315896_3418486056373147036_n.jpg 1280w, https:\/\/archive.sana.sy\/es\/wp-content\/uploads\/2021\/12\/266366472_285088550315896_3418486056373147036_n-300x178.jpg 300w, https:\/\/archive.sana.sy\/es\/wp-content\/uploads\/2021\/12\/266366472_285088550315896_3418486056373147036_n-1024x608.jpg 1024w, https:\/\/archive.sana.sy\/es\/wp-content\/uploads\/2021\/12\/266366472_285088550315896_3418486056373147036_n-150x89.jpg 150w, https:\/\/archive.sana.sy\/es\/wp-content\/uploads\/2021\/12\/266366472_285088550315896_3418486056373147036_n-768x456.jpg 768w\" sizes=\"(max-width: 1280px) 100vw, 1280px\" \/><\/a>\n\t\t\t<\/div><\/figure><figure class='gallery-item'>\n\t\t\t<div class='gallery-icon landscape'>\n\t\t\t\t<a href='https:\/\/archive.sana.sy\/es\/wp-content\/uploads\/2021\/12\/266553084_285088446982573_2029843044499322020_n.jpg'><img loading=\"lazy\" decoding=\"async\" width=\"1280\" height=\"756\" src=\"https:\/\/archive.sana.sy\/es\/wp-content\/uploads\/2021\/12\/266553084_285088446982573_2029843044499322020_n.jpg\" class=\"attachment-full size-full\" alt=\"\" srcset=\"https:\/\/archive.sana.sy\/es\/wp-content\/uploads\/2021\/12\/266553084_285088446982573_2029843044499322020_n.jpg 1280w, https:\/\/archive.sana.sy\/es\/wp-content\/uploads\/2021\/12\/266553084_285088446982573_2029843044499322020_n-300x177.jpg 300w, https:\/\/archive.sana.sy\/es\/wp-content\/uploads\/2021\/12\/266553084_285088446982573_2029843044499322020_n-1024x605.jpg 1024w, https:\/\/archive.sana.sy\/es\/wp-content\/uploads\/2021\/12\/266553084_285088446982573_2029843044499322020_n-150x89.jpg 150w, https:\/\/archive.sana.sy\/es\/wp-content\/uploads\/2021\/12\/266553084_285088446982573_2029843044499322020_n-768x454.jpg 768w\" sizes=\"(max-width: 1280px) 100vw, 1280px\" \/><\/a>\n\t\t\t<\/div><\/figure>\n\t\t<\/div>\n\n","protected":false},"excerpt":{"rendered":"<p>Damasco, 15 dic (SANA)\u00a0 \u00a0El primer vuelo de la compa\u00f1\u00eda a\u00e9rea siria Cham Wings despeg\u00f3 hoy del aeropuerto internacional de Damasco con destino al aeropuerto de Karachi en la Rep\u00fablica de Pakist\u00e1n. Este viaje se enmarca en el plan de la compa\u00f1\u00eda de ampliar sus vuelos al exterior y este destino se convierte en el &hellip;<\/p>\n","protected":false},"author":32,"featured_media":210137,"comment_status":"closed","ping_status":"closed","sticky":false,"template":"","format":"standard","meta":{"footnotes":""},"categories":[477,447,597,476,457,467,7541],"tags":[],"class_list":["post-210041","post","type-post","status-publish","format-standard","has-post-thumbnail","","category-noticias-edulcorantes","category-local-politica","category-cinta-de-noticias","category-locales","category-noticias-arabe-internacional-politica","category-siria-y-el-mundo","category-ultimas-noticias"],"_links":{"self":[{"href":"https:\/\/archive.sana.sy\/es\/index.php?rest_route=\/wp\/v2\/posts\/210041"}],"collection":[{"href":"https:\/\/archive.sana.sy\/es\/index.php?rest_route=\/wp\/v2\/posts"}],"about":[{"href":"https:\/\/archive.sana.sy\/es\/index.php?rest_route=\/wp\/v2\/types\/post"}],"author":[{"embeddable":true,"href":"https:\/\/archive.sana.sy\/es\/index.php?rest_route=\/wp\/v2\/users\/32"}],"replies":[{"embeddable":true,"href":"https:\/\/archive.sana.sy\/es\/index.php?rest_route=%2Fwp%2Fv2%2Fcomments&post=210041"}],"version-history":[{"count":0,"href":"https:\/\/archive.sana.sy\/es\/index.php?rest_route=\/wp\/v2\/posts\/210041\/revisions"}],"wp:featuredmedia":[{"embeddable":true,"href":"https:\/\/archive.sana.sy\/es\/index.php?rest_route=\/wp\/v2\/media\/210137"}],"wp:attachment":[{"href":"https:\/\/archive.sana.sy\/es\/index.php?rest_route=%2Fwp%2Fv2%2Fmedia&parent=210041"}],"wp:term":[{"taxonomy":"category","embeddable":true,"href":"https:\/\/archive.sana.sy\/es\/index.php?rest_route=%2Fwp%2Fv2%2Fcategories&post=210041"},{"taxonomy":"post_tag","embeddable":true,"href":"https:\/\/archive.sana.sy\/es\/index.php?rest_route=%2Fwp%2Fv2%2Ftags&post=210041"}],"curies":[{"name":"wp","href":"https:\/\/api.w.org\/{rel}","templated":true}]}}