{"id":210065,"date":"2021-12-15T12:02:59","date_gmt":"2021-12-15T10:02:59","guid":{"rendered":"http:\/\/107.6.182.27\/es\/?p=210065"},"modified":"2021-12-15T12:02:59","modified_gmt":"2021-12-15T10:02:59","slug":"conversaciones-sirio-serbias-en-el-campo-de-las-telecomunicaciones-y-la-transformacion-digital","status":"publish","type":"post","link":"https:\/\/archive.sana.sy\/es\/?p=210065","title":{"rendered":"Conversaciones sirio-serbias en el campo de las telecomunicaciones y la transformaci\u00f3n digital"},"content":{"rendered":"<p style=\"text-align: justify;\"><strong><span style=\"color: #800000;\">Damasco, 15 dic (SANA)<\/span> <\/strong>El Ministro de telecomunicaciones y Tecnolog\u00eda, Iyad Al-Khatib, convers\u00f3 hoy con el viceministro de Exteriores de Serbia, Vladimir Mari\u0107, y la delegaci\u00f3n que lo acompa\u00f1aba, sobre los mecanismos para el intercambio de experiencias en los campos de la tecnolog\u00eda de las comunicaciones y la transformaci\u00f3n digital entre los dos pa\u00edses.<\/p>\n<p style=\"text-align: justify;\">El ministro Al-Khatib invit\u00f3 las empresas serbias interesadas en el sector de las telecomunicaciones a trabajar con la Compa\u00f1\u00eda Siria de Telecomunicaciones en los proyectos que se anuncien, adem\u00e1s de cooperar en el campo de la transformaci\u00f3n digital y el sector de la programaci\u00f3n.<\/p>\n<p style=\"text-align: justify;\">El ministro enfatiz\u00f3 la necesidad de encontrar un mecanismo acordado para transportar correo desde y hacia Siria a trav\u00e9s de Serbia.<br \/>\nPor su parte, Maric afirm\u00f3 que las propuestas realizadas durante el encuentro ser\u00e1n estudiadas a nivel del gobierno serbio y empresas privadas.<\/p>\n<p style=\"text-align: justify;\">Destac\u00f3 el inter\u00e9s del gobierno serbio en abrir perspectivas de cooperaci\u00f3n con Siria en el campo de las telecomunicaciones y brindar todas las facilidades necesarias en este campo.<\/p>\n<p><em><strong>fm\/ed<\/strong><\/em><\/p>\n","protected":false},"excerpt":{"rendered":"<p>Damasco, 15 dic (SANA) El Ministro de telecomunicaciones y Tecnolog\u00eda, Iyad Al-Khatib, convers\u00f3 hoy con el viceministro de Exteriores de Serbia, Vladimir Mari\u0107, y la delegaci\u00f3n que lo acompa\u00f1aba, sobre los mecanismos para el intercambio de experiencias en los campos de la tecnolog\u00eda de las comunicaciones y la transformaci\u00f3n digital entre los dos pa\u00edses. El &hellip;<\/p>\n","protected":false},"author":32,"featured_media":210066,"comment_status":"closed","ping_status":"closed","sticky":false,"template":"","format":"standard","meta":{"footnotes":""},"categories":[477,597,476,7541],"tags":[],"class_list":["post-210065","post","type-post","status-publish","format-standard","has-post-thumbnail","","category-noticias-edulcorantes","category-cinta-de-noticias","category-locales","category-ultimas-noticias"],"_links":{"self":[{"href":"https:\/\/archive.sana.sy\/es\/index.php?rest_route=\/wp\/v2\/posts\/210065"}],"collection":[{"href":"https:\/\/archive.sana.sy\/es\/index.php?rest_route=\/wp\/v2\/posts"}],"about":[{"href":"https:\/\/archive.sana.sy\/es\/index.php?rest_route=\/wp\/v2\/types\/post"}],"author":[{"embeddable":true,"href":"https:\/\/archive.sana.sy\/es\/index.php?rest_route=\/wp\/v2\/users\/32"}],"replies":[{"embeddable":true,"href":"https:\/\/archive.sana.sy\/es\/index.php?rest_route=%2Fwp%2Fv2%2Fcomments&post=210065"}],"version-history":[{"count":0,"href":"https:\/\/archive.sana.sy\/es\/index.php?rest_route=\/wp\/v2\/posts\/210065\/revisions"}],"wp:featuredmedia":[{"embeddable":true,"href":"https:\/\/archive.sana.sy\/es\/index.php?rest_route=\/wp\/v2\/media\/210066"}],"wp:attachment":[{"href":"https:\/\/archive.sana.sy\/es\/index.php?rest_route=%2Fwp%2Fv2%2Fmedia&parent=210065"}],"wp:term":[{"taxonomy":"category","embeddable":true,"href":"https:\/\/archive.sana.sy\/es\/index.php?rest_route=%2Fwp%2Fv2%2Fcategories&post=210065"},{"taxonomy":"post_tag","embeddable":true,"href":"https:\/\/archive.sana.sy\/es\/index.php?rest_route=%2Fwp%2Fv2%2Ftags&post=210065"}],"curies":[{"name":"wp","href":"https:\/\/api.w.org\/{rel}","templated":true}]}}