{"id":210179,"date":"2021-12-16T08:53:16","date_gmt":"2021-12-16T06:53:16","guid":{"rendered":"http:\/\/107.6.182.27\/es\/?p=210179"},"modified":"2023-01-10T15:33:00","modified_gmt":"2023-01-10T13:33:00","slug":"titulares-de-la-agencia-sana16-de-diciembre-2021","status":"publish","type":"post","link":"https:\/\/archive.sana.sy\/es\/?p=210179","title":{"rendered":"Titulares de la agencia SANA,16 de diciembre 2021"},"content":{"rendered":"<p style=\"text-align: justify;\"><span style=\"color: #800000;\"><strong>Damasco, 16 dic (SANA)<\/strong><\/span><\/p>\n<p style=\"text-align: justify;\">????????Decretos presidenciales estipulan aumento de sueldos y pensiones.<\/p>\n<p style=\"text-align: justify;\">????????Presidente al-Assad recibe a la Comisionada del Presidente de Rusia para Derechos del Ni\u00f1o.<\/p>\n<p style=\"text-align: justify;\">????????UNESCO inscribe \u201cal-Qudud al-Halabiya\u201d en la lista del Patrimonio Mundial.<\/p>\n<p style=\"text-align: justify;\">???????? Homenajean a tres soldados heridos durante el desempe\u00f1o de su deber.<\/p>\n<p style=\"text-align: justify;\">???????? Siria e Iraq se empe\u00f1an por lograr la integraci\u00f3n industrial y econ\u00f3mica.<\/p>\n<p style=\"text-align: justify;\">????????Primer vuelo directo entre Damasco y Karachi de la Compa\u00f1\u00eda a\u00e9rea siria Cham Wings.<\/p>\n<p style=\"text-align: justify;\">????????Los Qudud religiosos de Alepo, canto espiritual que refleja la belleza divina.<\/p>\n<p style=\"text-align: justify;\">????????Im\u00e1genes del proceso de reconciliaci\u00f3n que contin\u00faa por noveno d\u00eda consecutivo en Albukamal.<\/p>\n<p style=\"text-align: justify;\">????????Conversaciones sirio-serbias en el campo de las telecomunicaciones y la transformaci\u00f3n digital.<\/p>\n<p style=\"text-align: justify;\">????????Militares y colonos del ocupante israel\u00ed contin\u00faan sus pr\u00e1cticas criminales contra el pueblo palestino.<\/p>\n<p style=\"text-align: justify;\">????????Milicia separatista proestadounidense secuestra a varios j\u00f3venes de Hasakeh.<\/p>\n<p style=\"text-align: justify;\">????????Matan a tres mujeres en campamento de al-Hol controlado por milicia proestadounidense FDS.<\/p>\n<p style=\"text-align: justify;\">????????Inauguran segunda edici\u00f3n de la Feria de Productores de Alepo.<\/p>\n<p style=\"text-align: justify;\">????????Herido de gravedad tras estallido de bomba abandonada por terroristas de DAESH en Deir Ezzor.<\/p>\n<p style=\"text-align: justify;\">????????Exhiben obras de artistas influyentes en el movimiento pl\u00e1stico durante los a\u00f1os 80<\/p>\n<p style=\"text-align: justify;\">????????Protestan en Cisjordania contra el robo del patrimonio palestino por la ocupaci\u00f3n israel\u00ed.<\/p>\n<p style=\"text-align: justify;\">????????Al-Qudud, nuevo componente sirio incluido en la lista de patrimonio de la humanidad de la Unesco<\/p>\n<p style=\"text-align: justify;\">\n","protected":false},"excerpt":{"rendered":"<p>Damasco, 16 dic (SANA) ????????Decretos presidenciales estipulan aumento de sueldos y pensiones. ????????Presidente al-Assad recibe a la Comisionada del Presidente de Rusia para Derechos del Ni\u00f1o. ????????UNESCO inscribe \u201cal-Qudud al-Halabiya\u201d en la lista del Patrimonio Mundial. ???????? Homenajean a tres soldados heridos durante el desempe\u00f1o de su deber. ???????? Siria e Iraq se empe\u00f1an por &hellip;<\/p>\n","protected":false},"author":32,"featured_media":210181,"comment_status":"closed","ping_status":"closed","sticky":false,"template":"","format":"standard","meta":{"footnotes":""},"categories":[447,555,597,476,7541],"tags":[20549,19605,16841],"class_list":["post-210179","post","type-post","status-publish","format-standard","has-post-thumbnail","","category-local-politica","category-prensa","category-cinta-de-noticias","category-locales","category-ultimas-noticias","tag-al-assad","tag-fds","tag-hasakeh"],"_links":{"self":[{"href":"https:\/\/archive.sana.sy\/es\/index.php?rest_route=\/wp\/v2\/posts\/210179"}],"collection":[{"href":"https:\/\/archive.sana.sy\/es\/index.php?rest_route=\/wp\/v2\/posts"}],"about":[{"href":"https:\/\/archive.sana.sy\/es\/index.php?rest_route=\/wp\/v2\/types\/post"}],"author":[{"embeddable":true,"href":"https:\/\/archive.sana.sy\/es\/index.php?rest_route=\/wp\/v2\/users\/32"}],"replies":[{"embeddable":true,"href":"https:\/\/archive.sana.sy\/es\/index.php?rest_route=%2Fwp%2Fv2%2Fcomments&post=210179"}],"version-history":[{"count":0,"href":"https:\/\/archive.sana.sy\/es\/index.php?rest_route=\/wp\/v2\/posts\/210179\/revisions"}],"wp:featuredmedia":[{"embeddable":true,"href":"https:\/\/archive.sana.sy\/es\/index.php?rest_route=\/wp\/v2\/media\/210181"}],"wp:attachment":[{"href":"https:\/\/archive.sana.sy\/es\/index.php?rest_route=%2Fwp%2Fv2%2Fmedia&parent=210179"}],"wp:term":[{"taxonomy":"category","embeddable":true,"href":"https:\/\/archive.sana.sy\/es\/index.php?rest_route=%2Fwp%2Fv2%2Fcategories&post=210179"},{"taxonomy":"post_tag","embeddable":true,"href":"https:\/\/archive.sana.sy\/es\/index.php?rest_route=%2Fwp%2Fv2%2Ftags&post=210179"}],"curies":[{"name":"wp","href":"https:\/\/api.w.org\/{rel}","templated":true}]}}