{"id":210187,"date":"2021-12-16T10:57:14","date_gmt":"2021-12-16T08:57:14","guid":{"rendered":"http:\/\/107.6.182.27\/es\/?p=210187"},"modified":"2023-01-10T14:22:36","modified_gmt":"2023-01-10T12:22:36","slug":"en-nueve-dias-6000-armados-y-profugos-se-entregan-al-ejercito-en-ciudad-de-al-bukamal","status":"publish","type":"post","link":"https:\/\/archive.sana.sy\/es\/?p=210187","title":{"rendered":"En nueve d\u00edas, 6,000 armados y pr\u00f3fugos se entregan al ej\u00e9rcito en ciudad de al-Bukamal"},"content":{"rendered":"<p style=\"text-align: justify;\"><span style=\"color: #800000;\"><strong>Deir Ezzor, 16 dic (SANA)<\/strong><\/span> Armados, pr\u00f3fugos y fugitivos del servicio militar siguen acudiendo al centro de reconciliaci\u00f3n abierto desde el d\u00eda 7 de este mes en la ciudad de Albukamal en el este de la provincia de Deir Ezzor.<\/p>\n<p style=\"text-align: justify;\">Seg\u00fan reportes del corresponsal de SANA, el centro recibi\u00f3 hasta la fecha m\u00e1s de 6,000 armados y pr\u00f3fugos, y con esta cifra, asciende a 17,000 el n\u00famero de pr\u00f3fugos indultados en toda la provincia de Deir Ezzor desde el pasado d\u00eda 14 de noviembre, fecha de inicio de la reconciliaci\u00f3n.<\/p>\n<p style=\"text-align: justify;\">El objetivo de este proceso es consolidar la seguridad y la estabilidad, recuperar el proceso de producci\u00f3n y la situaci\u00f3n de los servicios.<\/p>\n<p><strong><em>fm\/ed<\/em><\/strong><\/p>\n<div id='gallery-1' class='gallery galleryid-210187 gallery-columns-1 gallery-size-full'><figure class='gallery-item'>\n\t\t\t<div class='gallery-icon landscape'>\n\t\t\t\t<a href='https:\/\/archive.sana.sy\/es\/wp-content\/uploads\/2021\/12\/photo_2021-12-16_09-58-03-scaled.jpg'><img loading=\"lazy\" decoding=\"async\" width=\"2560\" height=\"1671\" src=\"https:\/\/archive.sana.sy\/es\/wp-content\/uploads\/2021\/12\/photo_2021-12-16_09-58-03-scaled.jpg\" class=\"attachment-full size-full\" alt=\"\" srcset=\"https:\/\/archive.sana.sy\/es\/wp-content\/uploads\/2021\/12\/photo_2021-12-16_09-58-03-scaled.jpg 2560w, https:\/\/archive.sana.sy\/es\/wp-content\/uploads\/2021\/12\/photo_2021-12-16_09-58-03-300x196.jpg 300w, https:\/\/archive.sana.sy\/es\/wp-content\/uploads\/2021\/12\/photo_2021-12-16_09-58-03-1024x669.jpg 1024w, https:\/\/archive.sana.sy\/es\/wp-content\/uploads\/2021\/12\/photo_2021-12-16_09-58-03-150x98.jpg 150w, https:\/\/archive.sana.sy\/es\/wp-content\/uploads\/2021\/12\/photo_2021-12-16_09-58-03-768x501.jpg 768w, https:\/\/archive.sana.sy\/es\/wp-content\/uploads\/2021\/12\/photo_2021-12-16_09-58-03-1536x1003.jpg 1536w, https:\/\/archive.sana.sy\/es\/wp-content\/uploads\/2021\/12\/photo_2021-12-16_09-58-03-2048x1337.jpg 2048w\" sizes=\"(max-width: 2560px) 100vw, 2560px\" \/><\/a>\n\t\t\t<\/div><\/figure><figure class='gallery-item'>\n\t\t\t<div class='gallery-icon landscape'>\n\t\t\t\t<a href='https:\/\/archive.sana.sy\/es\/wp-content\/uploads\/2021\/12\/photo_2021-12-16_09-58-14-2-scaled.jpg'><img loading=\"lazy\" decoding=\"async\" width=\"2560\" height=\"1539\" src=\"https:\/\/archive.sana.sy\/es\/wp-content\/uploads\/2021\/12\/photo_2021-12-16_09-58-14-2-scaled.jpg\" class=\"attachment-full size-full\" alt=\"\" srcset=\"https:\/\/archive.sana.sy\/es\/wp-content\/uploads\/2021\/12\/photo_2021-12-16_09-58-14-2-scaled.jpg 2560w, https:\/\/archive.sana.sy\/es\/wp-content\/uploads\/2021\/12\/photo_2021-12-16_09-58-14-2-300x180.jpg 300w, https:\/\/archive.sana.sy\/es\/wp-content\/uploads\/2021\/12\/photo_2021-12-16_09-58-14-2-1024x616.jpg 1024w, https:\/\/archive.sana.sy\/es\/wp-content\/uploads\/2021\/12\/photo_2021-12-16_09-58-14-2-150x90.jpg 150w, https:\/\/archive.sana.sy\/es\/wp-content\/uploads\/2021\/12\/photo_2021-12-16_09-58-14-2-768x462.jpg 768w, https:\/\/archive.sana.sy\/es\/wp-content\/uploads\/2021\/12\/photo_2021-12-16_09-58-14-2-1536x923.jpg 1536w, https:\/\/archive.sana.sy\/es\/wp-content\/uploads\/2021\/12\/photo_2021-12-16_09-58-14-2-2048x1231.jpg 2048w\" sizes=\"(max-width: 2560px) 100vw, 2560px\" \/><\/a>\n\t\t\t<\/div><\/figure><figure class='gallery-item'>\n\t\t\t<div class='gallery-icon landscape'>\n\t\t\t\t<a href='https:\/\/archive.sana.sy\/es\/wp-content\/uploads\/2021\/12\/photo_2021-12-16_09-58-13-scaled.jpg'><img loading=\"lazy\" decoding=\"async\" width=\"2560\" height=\"1324\" src=\"https:\/\/archive.sana.sy\/es\/wp-content\/uploads\/2021\/12\/photo_2021-12-16_09-58-13-scaled.jpg\" class=\"attachment-full size-full\" alt=\"\" srcset=\"https:\/\/archive.sana.sy\/es\/wp-content\/uploads\/2021\/12\/photo_2021-12-16_09-58-13-scaled.jpg 2560w, https:\/\/archive.sana.sy\/es\/wp-content\/uploads\/2021\/12\/photo_2021-12-16_09-58-13-300x155.jpg 300w, https:\/\/archive.sana.sy\/es\/wp-content\/uploads\/2021\/12\/photo_2021-12-16_09-58-13-1024x530.jpg 1024w, https:\/\/archive.sana.sy\/es\/wp-content\/uploads\/2021\/12\/photo_2021-12-16_09-58-13-150x78.jpg 150w, https:\/\/archive.sana.sy\/es\/wp-content\/uploads\/2021\/12\/photo_2021-12-16_09-58-13-768x397.jpg 768w, https:\/\/archive.sana.sy\/es\/wp-content\/uploads\/2021\/12\/photo_2021-12-16_09-58-13-1536x795.jpg 1536w, https:\/\/archive.sana.sy\/es\/wp-content\/uploads\/2021\/12\/photo_2021-12-16_09-58-13-2048x1060.jpg 2048w\" sizes=\"(max-width: 2560px) 100vw, 2560px\" \/><\/a>\n\t\t\t<\/div><\/figure>\n\t\t<\/div>\n\n","protected":false},"excerpt":{"rendered":"<p>Deir Ezzor, 16 dic (SANA) Armados, pr\u00f3fugos y fugitivos del servicio militar siguen acudiendo al centro de reconciliaci\u00f3n abierto desde el d\u00eda 7 de este mes en la ciudad de Albukamal en el este de la provincia de Deir Ezzor. Seg\u00fan reportes del corresponsal de SANA, el centro recibi\u00f3 hasta la fecha m\u00e1s de 6,000 &hellip;<\/p>\n","protected":false},"author":32,"featured_media":210188,"comment_status":"closed","ping_status":"closed","sticky":false,"template":"","format":"standard","meta":{"footnotes":""},"categories":[447,477,597,476,457,583],"tags":[11219,10402],"class_list":["post-210187","post","type-post","status-publish","format-standard","has-post-thumbnail","","category-local-politica","category-noticias-edulcorantes","category-cinta-de-noticias","category-locales","category-noticias-arabe-internacional-politica","category-slide","tag-al-bukamal","tag-deir-ezzor"],"_links":{"self":[{"href":"https:\/\/archive.sana.sy\/es\/index.php?rest_route=\/wp\/v2\/posts\/210187"}],"collection":[{"href":"https:\/\/archive.sana.sy\/es\/index.php?rest_route=\/wp\/v2\/posts"}],"about":[{"href":"https:\/\/archive.sana.sy\/es\/index.php?rest_route=\/wp\/v2\/types\/post"}],"author":[{"embeddable":true,"href":"https:\/\/archive.sana.sy\/es\/index.php?rest_route=\/wp\/v2\/users\/32"}],"replies":[{"embeddable":true,"href":"https:\/\/archive.sana.sy\/es\/index.php?rest_route=%2Fwp%2Fv2%2Fcomments&post=210187"}],"version-history":[{"count":0,"href":"https:\/\/archive.sana.sy\/es\/index.php?rest_route=\/wp\/v2\/posts\/210187\/revisions"}],"wp:featuredmedia":[{"embeddable":true,"href":"https:\/\/archive.sana.sy\/es\/index.php?rest_route=\/wp\/v2\/media\/210188"}],"wp:attachment":[{"href":"https:\/\/archive.sana.sy\/es\/index.php?rest_route=%2Fwp%2Fv2%2Fmedia&parent=210187"}],"wp:term":[{"taxonomy":"category","embeddable":true,"href":"https:\/\/archive.sana.sy\/es\/index.php?rest_route=%2Fwp%2Fv2%2Fcategories&post=210187"},{"taxonomy":"post_tag","embeddable":true,"href":"https:\/\/archive.sana.sy\/es\/index.php?rest_route=%2Fwp%2Fv2%2Ftags&post=210187"}],"curies":[{"name":"wp","href":"https:\/\/api.w.org\/{rel}","templated":true}]}}