{"id":210193,"date":"2021-12-16T11:26:45","date_gmt":"2021-12-16T09:26:45","guid":{"rendered":"http:\/\/107.6.182.27\/es\/?p=210193"},"modified":"2023-01-10T14:22:36","modified_gmt":"2023-01-10T12:22:36","slug":"sirios-enfrentan-a-convoy-militar-de-eeuu-en-qamishli-hasakeh","status":"publish","type":"post","link":"https:\/\/archive.sana.sy\/es\/?p=210193","title":{"rendered":"Sirios enfrentan a convoy militar de EEUU en Qamishli\/Hasakeh"},"content":{"rendered":"<p style=\"text-align: justify;\">Hasakeh, 16 dic (SANA)\u00a0 \u00a0 Los residentes de la aldea de Damkhiya, al sur del municipio de Qamishli en la provincia nororiental siria de Hasakeh, interceptaron hoy una caravana militar de la ocupaci\u00f3n estadounidense.<\/p>\n<p style=\"text-align: justify;\">Activistas locales comunicaron a SANA que la columna estaba conformada por cinco blindados estadounidenses acompa\u00f1ados por veh\u00edculos de la milicia separatista Fuerzas Democr\u00e1ticas de Siria (FDS), e intent\u00f3 pasar por la aldea, pero los lugare\u00f1os la obligaron a retirarse.<\/p>\n<p style=\"text-align: justify;\">El \u00faltimo martes, un puesto de control del ej\u00e9rcito sirio intercept\u00f3 un convoy de cinco veh\u00edculos blindados de las fuerzas de ocupaci\u00f3n estadounidenses, y lo oblig\u00f3 a retirarse.<\/p>\n<p style=\"text-align: justify;\"><em><strong>ed\/fm<\/strong><\/em><\/p>\n","protected":false},"excerpt":{"rendered":"<p>Hasakeh, 16 dic (SANA)\u00a0 \u00a0 Los residentes de la aldea de Damkhiya, al sur del municipio de Qamishli en la provincia nororiental siria de Hasakeh, interceptaron hoy una caravana militar de la ocupaci\u00f3n estadounidense. Activistas locales comunicaron a SANA que la columna estaba conformada por cinco blindados estadounidenses acompa\u00f1ados por veh\u00edculos de la milicia separatista &hellip;<\/p>\n","protected":false},"author":32,"featured_media":210196,"comment_status":"closed","ping_status":"closed","sticky":false,"template":"","format":"standard","meta":{"footnotes":""},"categories":[447,477,476,583],"tags":[7132,16841,8615],"class_list":["post-210193","post","type-post","status-publish","format-standard","has-post-thumbnail","","category-local-politica","category-noticias-edulcorantes","category-locales","category-slide","tag-eeuu","tag-hasakeh","tag-qamishli"],"_links":{"self":[{"href":"https:\/\/archive.sana.sy\/es\/index.php?rest_route=\/wp\/v2\/posts\/210193"}],"collection":[{"href":"https:\/\/archive.sana.sy\/es\/index.php?rest_route=\/wp\/v2\/posts"}],"about":[{"href":"https:\/\/archive.sana.sy\/es\/index.php?rest_route=\/wp\/v2\/types\/post"}],"author":[{"embeddable":true,"href":"https:\/\/archive.sana.sy\/es\/index.php?rest_route=\/wp\/v2\/users\/32"}],"replies":[{"embeddable":true,"href":"https:\/\/archive.sana.sy\/es\/index.php?rest_route=%2Fwp%2Fv2%2Fcomments&post=210193"}],"version-history":[{"count":0,"href":"https:\/\/archive.sana.sy\/es\/index.php?rest_route=\/wp\/v2\/posts\/210193\/revisions"}],"wp:featuredmedia":[{"embeddable":true,"href":"https:\/\/archive.sana.sy\/es\/index.php?rest_route=\/wp\/v2\/media\/210196"}],"wp:attachment":[{"href":"https:\/\/archive.sana.sy\/es\/index.php?rest_route=%2Fwp%2Fv2%2Fmedia&parent=210193"}],"wp:term":[{"taxonomy":"category","embeddable":true,"href":"https:\/\/archive.sana.sy\/es\/index.php?rest_route=%2Fwp%2Fv2%2Fcategories&post=210193"},{"taxonomy":"post_tag","embeddable":true,"href":"https:\/\/archive.sana.sy\/es\/index.php?rest_route=%2Fwp%2Fv2%2Ftags&post=210193"}],"curies":[{"name":"wp","href":"https:\/\/api.w.org\/{rel}","templated":true}]}}