{"id":210199,"date":"2021-12-16T12:54:47","date_gmt":"2021-12-16T10:54:47","guid":{"rendered":"http:\/\/107.6.182.27\/es\/?p=210199"},"modified":"2023-01-10T14:22:36","modified_gmt":"2023-01-10T12:22:36","slug":"fuerzas-de-ocupacion-turcas-bombardean-con-artilleria-una-localidad-en-hasakeh","status":"publish","type":"post","link":"https:\/\/archive.sana.sy\/es\/?p=210199","title":{"rendered":"Fuerzas de ocupaci\u00f3n turcas bombardean con artiller\u00eda una localidad en Hasakeh"},"content":{"rendered":"<p style=\"text-align: justify;\"><span style=\"color: #800000;\"><strong>Hasakeh, 16 dic (SANA)\u00a0 \u00a0\u00a0<\/strong><\/span> Las fuerzas de ocupaci\u00f3n turcas y sus mercenarios terroristas atacaron con artiller\u00eda pesada la localidad de al-Dardara en el noroeste de la provincia de Hasakeh.<\/p>\n<p style=\"text-align: justify;\">Seg\u00fan informaron activistas locales al corresponsal de SANA, el bombardeo de los militares turcos y los terroristas que operan bajo su mando provoc\u00f3 da\u00f1os materiales en las propiedades p\u00fablicas.<\/p>\n<p style=\"text-align: justify;\">A consecuencia de los repetidos ataques del ocupante turco y sus mercenarios, la poblaci\u00f3n de Hasakeh, especialmente los ni\u00f1os y mujeres, vive en condiciones tr\u00e1gicas que obligaron a miles a abandonar sus hogares y desplazarse a ciudades de Qamishli y Hasakeh.<\/p>\n<p style=\"text-align: justify;\"><em><strong>ed\/fm<\/strong><\/em><\/p>\n","protected":false},"excerpt":{"rendered":"<p>Hasakeh, 16 dic (SANA)\u00a0 \u00a0\u00a0 Las fuerzas de ocupaci\u00f3n turcas y sus mercenarios terroristas atacaron con artiller\u00eda pesada la localidad de al-Dardara en el noroeste de la provincia de Hasakeh. Seg\u00fan informaron activistas locales al corresponsal de SANA, el bombardeo de los militares turcos y los terroristas que operan bajo su mando provoc\u00f3 da\u00f1os materiales &hellip;<\/p>\n","protected":false},"author":32,"featured_media":208495,"comment_status":"closed","ping_status":"closed","sticky":false,"template":"","format":"standard","meta":{"footnotes":""},"categories":[477,447,597,476,7541],"tags":[16841,8615],"class_list":["post-210199","post","type-post","status-publish","format-standard","has-post-thumbnail","","category-noticias-edulcorantes","category-local-politica","category-cinta-de-noticias","category-locales","category-ultimas-noticias","tag-hasakeh","tag-qamishli"],"_links":{"self":[{"href":"https:\/\/archive.sana.sy\/es\/index.php?rest_route=\/wp\/v2\/posts\/210199"}],"collection":[{"href":"https:\/\/archive.sana.sy\/es\/index.php?rest_route=\/wp\/v2\/posts"}],"about":[{"href":"https:\/\/archive.sana.sy\/es\/index.php?rest_route=\/wp\/v2\/types\/post"}],"author":[{"embeddable":true,"href":"https:\/\/archive.sana.sy\/es\/index.php?rest_route=\/wp\/v2\/users\/32"}],"replies":[{"embeddable":true,"href":"https:\/\/archive.sana.sy\/es\/index.php?rest_route=%2Fwp%2Fv2%2Fcomments&post=210199"}],"version-history":[{"count":0,"href":"https:\/\/archive.sana.sy\/es\/index.php?rest_route=\/wp\/v2\/posts\/210199\/revisions"}],"wp:featuredmedia":[{"embeddable":true,"href":"https:\/\/archive.sana.sy\/es\/index.php?rest_route=\/wp\/v2\/media\/208495"}],"wp:attachment":[{"href":"https:\/\/archive.sana.sy\/es\/index.php?rest_route=%2Fwp%2Fv2%2Fmedia&parent=210199"}],"wp:term":[{"taxonomy":"category","embeddable":true,"href":"https:\/\/archive.sana.sy\/es\/index.php?rest_route=%2Fwp%2Fv2%2Fcategories&post=210199"},{"taxonomy":"post_tag","embeddable":true,"href":"https:\/\/archive.sana.sy\/es\/index.php?rest_route=%2Fwp%2Fv2%2Ftags&post=210199"}],"curies":[{"name":"wp","href":"https:\/\/api.w.org\/{rel}","templated":true}]}}