{"id":210295,"date":"2021-12-16T20:22:11","date_gmt":"2021-12-16T18:22:11","guid":{"rendered":"http:\/\/107.6.182.27\/es\/?p=210295"},"modified":"2023-01-12T14:39:33","modified_gmt":"2023-01-12T12:39:33","slug":"agresor-saudi-sigue-violando-el-alto-al-fuego-en-hodeidah","status":"publish","type":"post","link":"https:\/\/archive.sana.sy\/es\/?p=210295","title":{"rendered":"Agresor saud\u00ed sigue violando el alto al fuego en Hodeidah"},"content":{"rendered":"<p style=\"text-align: justify;\"><span style=\"color: #800000;\"><strong>San\u00e1, 16 dic (SANA)<\/strong> <\/span>Las tropas del agresor saud\u00ed continuaron violando el alto el fuego en la gobernaci\u00f3n de Hodeidah, en el oeste de Yemen.<\/p>\n<p style=\"text-align: justify;\">El portal informativo Al-Masirah Net citando a una fuente militar anunci\u00f3 que las fuerzas de agresi\u00f3n y sus mercenarios cometieron 172 nuevas violaciones del acuerdo de alto el fuego durante las \u00faltimas 24 horas.<\/p>\n<p style=\"text-align: justify;\">Aclar\u00f3 que las violaciones incluyeron el sobrevuelo de aviones militares y esp\u00edas en el espacio a\u00e9reo de Hays, Al Faza, Al Jabaliya y Al Jarrahi, adem\u00e1s de 21 bombardeos con misiles, artiller\u00eda y 112 disparos con balas de variado calibre.<\/p>\n<p style=\"text-align: justify;\">Adem\u00e1s, las fuerzas de agresi\u00f3n se apoderaron de dos barcos que transportaban m\u00e1s de 51.000 toneladas de combustible, y los impidieron llegar al puerto de Hodeidah, como parte del injusto asedio impuesto al pueblo yemen\u00ed.<\/p>\n<p style=\"text-align: justify;\">Durante sus conversaciones en Suecia el 13 de diciembre de 2018, las partes yemen\u00edes alcanzaron un acuerdo de alto el fuego en la gobernaci\u00f3n de Hodeidah y entendimientos con respecto a la ciudad de Taiz, pero las fuerzas agresoras y sus mercenarios contin\u00faan sus violaciones de este acuerdo.<\/p>\n<p style=\"text-align: justify;\"><span style=\"color: #0000ff;\"><strong>sm\/rsh<\/strong><\/span><\/p>\n","protected":false},"excerpt":{"rendered":"<p>San\u00e1, 16 dic (SANA) Las tropas del agresor saud\u00ed continuaron violando el alto el fuego en la gobernaci\u00f3n de Hodeidah, en el oeste de Yemen. El portal informativo Al-Masirah Net citando a una fuente militar anunci\u00f3 que las fuerzas de agresi\u00f3n y sus mercenarios cometieron 172 nuevas violaciones del acuerdo de alto el fuego durante &hellip;<\/p>\n","protected":false},"author":39,"featured_media":210296,"comment_status":"closed","ping_status":"closed","sticky":false,"template":"","format":"standard","meta":{"footnotes":""},"categories":[597,456,457],"tags":[19907,20561,19836,6304],"class_list":["post-210295","post","type-post","status-publish","format-standard","has-post-thumbnail","","category-cinta-de-noticias","category-arabe-internacional-politica","category-noticias-arabe-internacional-politica","tag-agresor-saudi","tag-alto-al-fuego","tag-violacion","tag-yemen"],"_links":{"self":[{"href":"https:\/\/archive.sana.sy\/es\/index.php?rest_route=\/wp\/v2\/posts\/210295"}],"collection":[{"href":"https:\/\/archive.sana.sy\/es\/index.php?rest_route=\/wp\/v2\/posts"}],"about":[{"href":"https:\/\/archive.sana.sy\/es\/index.php?rest_route=\/wp\/v2\/types\/post"}],"author":[{"embeddable":true,"href":"https:\/\/archive.sana.sy\/es\/index.php?rest_route=\/wp\/v2\/users\/39"}],"replies":[{"embeddable":true,"href":"https:\/\/archive.sana.sy\/es\/index.php?rest_route=%2Fwp%2Fv2%2Fcomments&post=210295"}],"version-history":[{"count":0,"href":"https:\/\/archive.sana.sy\/es\/index.php?rest_route=\/wp\/v2\/posts\/210295\/revisions"}],"wp:featuredmedia":[{"embeddable":true,"href":"https:\/\/archive.sana.sy\/es\/index.php?rest_route=\/wp\/v2\/media\/210296"}],"wp:attachment":[{"href":"https:\/\/archive.sana.sy\/es\/index.php?rest_route=%2Fwp%2Fv2%2Fmedia&parent=210295"}],"wp:term":[{"taxonomy":"category","embeddable":true,"href":"https:\/\/archive.sana.sy\/es\/index.php?rest_route=%2Fwp%2Fv2%2Fcategories&post=210295"},{"taxonomy":"post_tag","embeddable":true,"href":"https:\/\/archive.sana.sy\/es\/index.php?rest_route=%2Fwp%2Fv2%2Ftags&post=210295"}],"curies":[{"name":"wp","href":"https:\/\/api.w.org\/{rel}","templated":true}]}}