{"id":210298,"date":"2021-12-16T20:26:09","date_gmt":"2021-12-16T18:26:09","guid":{"rendered":"http:\/\/107.6.182.27\/es\/?p=210298"},"modified":"2023-01-12T14:39:32","modified_gmt":"2023-01-12T12:39:32","slug":"ocupacion-israeli-asalta-propiedades-de-palestinos-en-hebron","status":"publish","type":"post","link":"https:\/\/archive.sana.sy\/es\/?p=210298","title":{"rendered":"Ocupaci\u00f3n israel\u00ed asalta propiedades de palestinos en Hebr\u00f3n"},"content":{"rendered":"<p><span style=\"color: #800000;\"><strong>Jerusal\u00e9n ocupada, 16 dic (SANA)<\/strong> <\/span>Las tropas de ocupaci\u00f3n israel\u00edes sabotearon propiedades de los palestinos en la ciudad de Hebr\u00f3n en Cisjordania.<\/p>\n<p>La agencia palestina de noticias Wafa inform\u00f3 que las fuerzas sionistas irrumpieron en la localidad de al-Zahed y agredieron a sus residentes y sabotearon sus propiedades.<\/p>\n<p>La ocupaci\u00f3n israel\u00ed contin\u00faa sus agresiones contra los palestinos con el objetivo de desplazarlos y apoderarse de sus bienes ra\u00edces.<\/p>\n<p><span style=\"color: #0000ff;\"><strong>sm\/rsh<\/strong><\/span><\/p>\n","protected":false},"excerpt":{"rendered":"<p>Jerusal\u00e9n ocupada, 16 dic (SANA) Las tropas de ocupaci\u00f3n israel\u00edes sabotearon propiedades de los palestinos en la ciudad de Hebr\u00f3n en Cisjordania. La agencia palestina de noticias Wafa inform\u00f3 que las fuerzas sionistas irrumpieron en la localidad de al-Zahed y agredieron a sus residentes y sabotearon sus propiedades. La ocupaci\u00f3n israel\u00ed contin\u00faa sus agresiones contra &hellip;<\/p>\n","protected":false},"author":39,"featured_media":210299,"comment_status":"closed","ping_status":"closed","sticky":false,"template":"","format":"standard","meta":{"footnotes":""},"categories":[447,597,456,457],"tags":[20560,9074,19704,19613],"class_list":["post-210298","post","type-post","status-publish","format-standard","has-post-thumbnail","","category-local-politica","category-cinta-de-noticias","category-arabe-internacional-politica","category-noticias-arabe-internacional-politica","tag-asalta","tag-cisjordania","tag-hebron","tag-ocupacion-israeli"],"_links":{"self":[{"href":"https:\/\/archive.sana.sy\/es\/index.php?rest_route=\/wp\/v2\/posts\/210298"}],"collection":[{"href":"https:\/\/archive.sana.sy\/es\/index.php?rest_route=\/wp\/v2\/posts"}],"about":[{"href":"https:\/\/archive.sana.sy\/es\/index.php?rest_route=\/wp\/v2\/types\/post"}],"author":[{"embeddable":true,"href":"https:\/\/archive.sana.sy\/es\/index.php?rest_route=\/wp\/v2\/users\/39"}],"replies":[{"embeddable":true,"href":"https:\/\/archive.sana.sy\/es\/index.php?rest_route=%2Fwp%2Fv2%2Fcomments&post=210298"}],"version-history":[{"count":0,"href":"https:\/\/archive.sana.sy\/es\/index.php?rest_route=\/wp\/v2\/posts\/210298\/revisions"}],"wp:featuredmedia":[{"embeddable":true,"href":"https:\/\/archive.sana.sy\/es\/index.php?rest_route=\/wp\/v2\/media\/210299"}],"wp:attachment":[{"href":"https:\/\/archive.sana.sy\/es\/index.php?rest_route=%2Fwp%2Fv2%2Fmedia&parent=210298"}],"wp:term":[{"taxonomy":"category","embeddable":true,"href":"https:\/\/archive.sana.sy\/es\/index.php?rest_route=%2Fwp%2Fv2%2Fcategories&post=210298"},{"taxonomy":"post_tag","embeddable":true,"href":"https:\/\/archive.sana.sy\/es\/index.php?rest_route=%2Fwp%2Fv2%2Ftags&post=210298"}],"curies":[{"name":"wp","href":"https:\/\/api.w.org\/{rel}","templated":true}]}}