{"id":210302,"date":"2021-12-16T20:52:12","date_gmt":"2021-12-16T18:52:12","guid":{"rendered":"http:\/\/107.6.182.27\/es\/?p=210302"},"modified":"2023-01-12T14:39:32","modified_gmt":"2023-01-12T12:39:32","slug":"fuerzas-iranies-eliminan-celula-terrorista-al-sureste-del-pais","status":"publish","type":"post","link":"https:\/\/archive.sana.sy\/es\/?p=210302","title":{"rendered":"Fuerzas iran\u00edes eliminan c\u00e9lula terrorista al sureste del pa\u00eds"},"content":{"rendered":"<p style=\"text-align: justify;\"><span style=\"color: #800000;\"><strong>Teher\u00e1n, 16 dic (SANA) <\/strong><\/span>La Guardia Revolucionaria Iran\u00ed anunci\u00f3 la eliminaci\u00f3n de una c\u00e9lula terrorista en la regi\u00f3n de Saravan en la provincia de Sist\u00e1n y Baluchist\u00e1n al sureste del pa\u00eds.<\/p>\n<p style=\"text-align: justify;\">La agencia iran\u00ed de noticias Fars citando a una fuente militar inform\u00f3 que la c\u00e9lula planeaba llevar a cabo un sabotaje esta ma\u00f1ana.<\/p>\n<p style=\"text-align: justify;\">Se\u00f1al\u00f3 que cuatro de sus integrantes fueron eliminados y se incautaron cantidades de armas y equipo que ten\u00edan.<\/p>\n<p style=\"text-align: justify;\">El d\u00eda 5 de este mes, la Guardia Revolucionaria Iran\u00ed anunci\u00f3 el desmantelamiento de una red de contrabando de armas y municiones militares en la provincia suroccidental de Juzest\u00e1n, cuyos miembros pretend\u00edan llevar a cabo operaciones de sabotaje y desestabilizar la seguridad en la provincia.<\/p>\n<p style=\"text-align: justify;\"><span style=\"color: #0000ff;\"><strong>sm\/rsh<\/strong><\/span><\/p>\n","protected":false},"excerpt":{"rendered":"<p>Teher\u00e1n, 16 dic (SANA) La Guardia Revolucionaria Iran\u00ed anunci\u00f3 la eliminaci\u00f3n de una c\u00e9lula terrorista en la regi\u00f3n de Saravan en la provincia de Sist\u00e1n y Baluchist\u00e1n al sureste del pa\u00eds. La agencia iran\u00ed de noticias Fars citando a una fuente militar inform\u00f3 que la c\u00e9lula planeaba llevar a cabo un sabotaje esta ma\u00f1ana. Se\u00f1al\u00f3 &hellip;<\/p>\n","protected":false},"author":39,"featured_media":210303,"comment_status":"closed","ping_status":"closed","sticky":false,"template":"","format":"standard","meta":{"footnotes":""},"categories":[447,597,456,457],"tags":[20559,20558,20557,19966],"class_list":["post-210302","post","type-post","status-publish","format-standard","has-post-thumbnail","","category-local-politica","category-cinta-de-noticias","category-arabe-internacional-politica","category-noticias-arabe-internacional-politica","tag-celula-terrorista","tag-eliminacion","tag-guardia-revolucionaria-irani","tag-teheran"],"_links":{"self":[{"href":"https:\/\/archive.sana.sy\/es\/index.php?rest_route=\/wp\/v2\/posts\/210302"}],"collection":[{"href":"https:\/\/archive.sana.sy\/es\/index.php?rest_route=\/wp\/v2\/posts"}],"about":[{"href":"https:\/\/archive.sana.sy\/es\/index.php?rest_route=\/wp\/v2\/types\/post"}],"author":[{"embeddable":true,"href":"https:\/\/archive.sana.sy\/es\/index.php?rest_route=\/wp\/v2\/users\/39"}],"replies":[{"embeddable":true,"href":"https:\/\/archive.sana.sy\/es\/index.php?rest_route=%2Fwp%2Fv2%2Fcomments&post=210302"}],"version-history":[{"count":0,"href":"https:\/\/archive.sana.sy\/es\/index.php?rest_route=\/wp\/v2\/posts\/210302\/revisions"}],"wp:featuredmedia":[{"embeddable":true,"href":"https:\/\/archive.sana.sy\/es\/index.php?rest_route=\/wp\/v2\/media\/210303"}],"wp:attachment":[{"href":"https:\/\/archive.sana.sy\/es\/index.php?rest_route=%2Fwp%2Fv2%2Fmedia&parent=210302"}],"wp:term":[{"taxonomy":"category","embeddable":true,"href":"https:\/\/archive.sana.sy\/es\/index.php?rest_route=%2Fwp%2Fv2%2Fcategories&post=210302"},{"taxonomy":"post_tag","embeddable":true,"href":"https:\/\/archive.sana.sy\/es\/index.php?rest_route=%2Fwp%2Fv2%2Ftags&post=210302"}],"curies":[{"name":"wp","href":"https:\/\/api.w.org\/{rel}","templated":true}]}}