{"id":210306,"date":"2021-12-16T21:36:16","date_gmt":"2021-12-16T19:36:16","guid":{"rendered":"http:\/\/107.6.182.27\/es\/?p=210306"},"modified":"2023-01-10T15:23:28","modified_gmt":"2023-01-10T13:23:28","slug":"ministerio-de-agricultura-rehabilita-cinco-aviones-agricolas-y-otros-equipos","status":"publish","type":"post","link":"https:\/\/archive.sana.sy\/es\/?p=210306","title":{"rendered":"Ministerio de Agricultura rehabilita cinco aviones agr\u00edcolas y otros equipos"},"content":{"rendered":"<p style=\"text-align: justify;\"><span style=\"color: #800000;\"><strong>Damasco, 16 dic (SANA)<\/strong> <\/span>El Ministerio de Agricultura, en cooperaci\u00f3n entre la Organizaci\u00f3n de las Naciones Unidas para la Agricultura y la Alimentaci\u00f3n (FAO), logr\u00f3 rehabilitar equipos para combatir plagas que amenazan el sector agr\u00edcola.<\/p>\n<p style=\"text-align: justify;\">El director de Prevenci\u00f3n del Ministerio de Agricultura, Iyad Muhammad, inform\u00f3 a SANA que los equipos proporcionados incluyen 31 aspersores agr\u00edcolas, 11 de los cuales est\u00e1n montados sobre veh\u00edculos, con capacidad de fumigar 100 hect\u00e1reas por d\u00eda, y 20 aspersores agr\u00edcolas cargables sobre la espalda.<\/p>\n<p style=\"text-align: justify;\">El titular explic\u00f3 que el equipo obtenido aumentar\u00e1 la efectividad de las operaciones contra las plagas y salvar\u00e1 los cultivos del peligro de langostas y otras plagas que representan una seria amenaza para el sector agr\u00edcola.<\/p>\n<p style=\"text-align: justify;\">Destac\u00f3 que continuar\u00e1n los esfuerzos por conseguir m\u00e1s dispositivos a pesar de que muchos equipos fueron destruidos o robados, adem\u00e1s una parte est\u00e1 obsoleta lo que dificulta la realizaci\u00f3n de tales operaciones.<\/p>\n<p style=\"text-align: justify;\"><span style=\"color: #0000ff;\"><strong>sm\/rsh<\/strong><\/span><\/p>\n","protected":false},"excerpt":{"rendered":"<p>Damasco, 16 dic (SANA) El Ministerio de Agricultura, en cooperaci\u00f3n entre la Organizaci\u00f3n de las Naciones Unidas para la Agricultura y la Alimentaci\u00f3n (FAO), logr\u00f3 rehabilitar equipos para combatir plagas que amenazan el sector agr\u00edcola. El director de Prevenci\u00f3n del Ministerio de Agricultura, Iyad Muhammad, inform\u00f3 a SANA que los equipos proporcionados incluyen 31 aspersores &hellip;<\/p>\n","protected":false},"author":39,"featured_media":210307,"comment_status":"closed","ping_status":"closed","sticky":false,"template":"","format":"standard","meta":{"footnotes":""},"categories":[477,447,597,16686,485,476,457],"tags":[20169,20555,20554],"class_list":["post-210306","post","type-post","status-publish","format-standard","has-post-thumbnail","","category-noticias-edulcorantes","category-local-politica","category-cinta-de-noticias","category-economia","category-informes-negocios-y-finanzas","category-locales","category-noticias-arabe-internacional-politica","tag-agricultura","tag-aviones-agricolas","tag-rehabilita"],"_links":{"self":[{"href":"https:\/\/archive.sana.sy\/es\/index.php?rest_route=\/wp\/v2\/posts\/210306"}],"collection":[{"href":"https:\/\/archive.sana.sy\/es\/index.php?rest_route=\/wp\/v2\/posts"}],"about":[{"href":"https:\/\/archive.sana.sy\/es\/index.php?rest_route=\/wp\/v2\/types\/post"}],"author":[{"embeddable":true,"href":"https:\/\/archive.sana.sy\/es\/index.php?rest_route=\/wp\/v2\/users\/39"}],"replies":[{"embeddable":true,"href":"https:\/\/archive.sana.sy\/es\/index.php?rest_route=%2Fwp%2Fv2%2Fcomments&post=210306"}],"version-history":[{"count":0,"href":"https:\/\/archive.sana.sy\/es\/index.php?rest_route=\/wp\/v2\/posts\/210306\/revisions"}],"wp:featuredmedia":[{"embeddable":true,"href":"https:\/\/archive.sana.sy\/es\/index.php?rest_route=\/wp\/v2\/media\/210307"}],"wp:attachment":[{"href":"https:\/\/archive.sana.sy\/es\/index.php?rest_route=%2Fwp%2Fv2%2Fmedia&parent=210306"}],"wp:term":[{"taxonomy":"category","embeddable":true,"href":"https:\/\/archive.sana.sy\/es\/index.php?rest_route=%2Fwp%2Fv2%2Fcategories&post=210306"},{"taxonomy":"post_tag","embeddable":true,"href":"https:\/\/archive.sana.sy\/es\/index.php?rest_route=%2Fwp%2Fv2%2Ftags&post=210306"}],"curies":[{"name":"wp","href":"https:\/\/api.w.org\/{rel}","templated":true}]}}