{"id":210321,"date":"2021-12-17T08:32:29","date_gmt":"2021-12-17T06:32:29","guid":{"rendered":"http:\/\/107.6.182.27\/es\/?p=210321"},"modified":"2021-12-17T08:32:29","modified_gmt":"2021-12-17T06:32:29","slug":"titulares-de-la-agencia-sana17-de-diciembre-2021","status":"publish","type":"post","link":"https:\/\/archive.sana.sy\/es\/?p=210321","title":{"rendered":"Titulares de la agencia SANA,17 de diciembre 2021"},"content":{"rendered":"<p><span style=\"color: #800000;\"><strong>Damasco, 17 dic (SANA)<\/strong><\/span><\/p>\n<p>????En nueve d\u00edas, 6,000 armados y pr\u00f3fugos se entregan al ej\u00e9rcito en ciudad de al-Bukamal<\/p>\n<p>????Sirios enfrentan a convoy militar de EEUU en Qamishli\/Hasakeh<\/p>\n<p>????Fuerzas de ocupaci\u00f3n turcas bombardean con artiller\u00eda una localidad en Hasakeh<\/p>\n<p>????Conferencia de prensa sobre la inscripci\u00f3n de al Qudud al Halabiya en la lista del patrimonio de la humanidad<\/p>\n<p>????Liberan a cinco personas secuestradas por grupos terroristas en el nordeste de Alepo<\/p>\n<p>????\u00bfQu\u00e9 son Al-Qudud Al-Halabiya inscritos por la Unesco?<\/p>\n<p>????Ni\u00f1os sirios con necesidades especiales adornan un \u00e1rbol de Navidad<\/p>\n<p>????Organizan foro literario en Damasco con motivo del D\u00eda Mundial de la Lengua \u00c1rabe<\/p>\n<p>????Conversaciones para transferir tecnolog\u00edas de investigaci\u00f3n agr\u00edcola iran\u00edes a Siria<\/p>\n<p>????Alepo y Damasco festejan inclusi\u00f3n de Al-Qudud en lista del Patrimonio de la Humanidad de la Unesco (+videos y fotos)<\/p>\n<p>????Pobladores sirios apedrean veh\u00edculos de ocupaci\u00f3n estadounidense en Hasakeh<\/p>\n<p>????Agresor saud\u00ed sigue violando el alto al fuego en Hodeidah<\/p>\n<p>????Ocupaci\u00f3n israel\u00ed asalta propiedades de palestinos en Hebr\u00f3n<\/p>\n<p>????Fuerzas iran\u00edes eliminan c\u00e9lula terrorista al sureste del pa\u00eds<\/p>\n<p>????Un muerto por explosi\u00f3n de una mina en Hama<\/p>\n<p>????Ministerio de Agricultura rehabilita cinco aviones agr\u00edcolas y otros equipos<\/p>\n<p>????El 2021 y la apertura pol\u00edtica hacia Damasco<\/p>\n","protected":false},"excerpt":{"rendered":"<p>Damasco, 17 dic (SANA) ????En nueve d\u00edas, 6,000 armados y pr\u00f3fugos se entregan al ej\u00e9rcito en ciudad de al-Bukamal ????Sirios enfrentan a convoy militar de EEUU en Qamishli\/Hasakeh ????Fuerzas de ocupaci\u00f3n turcas bombardean con artiller\u00eda una localidad en Hasakeh ????Conferencia de prensa sobre la inscripci\u00f3n de al Qudud al Halabiya en la lista del patrimonio &hellip;<\/p>\n","protected":false},"author":30,"featured_media":209059,"comment_status":"closed","ping_status":"closed","sticky":false,"template":"","format":"standard","meta":{"footnotes":""},"categories":[555,597,457,7541],"tags":[],"class_list":["post-210321","post","type-post","status-publish","format-standard","has-post-thumbnail","","category-prensa","category-cinta-de-noticias","category-noticias-arabe-internacional-politica","category-ultimas-noticias"],"_links":{"self":[{"href":"https:\/\/archive.sana.sy\/es\/index.php?rest_route=\/wp\/v2\/posts\/210321"}],"collection":[{"href":"https:\/\/archive.sana.sy\/es\/index.php?rest_route=\/wp\/v2\/posts"}],"about":[{"href":"https:\/\/archive.sana.sy\/es\/index.php?rest_route=\/wp\/v2\/types\/post"}],"author":[{"embeddable":true,"href":"https:\/\/archive.sana.sy\/es\/index.php?rest_route=\/wp\/v2\/users\/30"}],"replies":[{"embeddable":true,"href":"https:\/\/archive.sana.sy\/es\/index.php?rest_route=%2Fwp%2Fv2%2Fcomments&post=210321"}],"version-history":[{"count":0,"href":"https:\/\/archive.sana.sy\/es\/index.php?rest_route=\/wp\/v2\/posts\/210321\/revisions"}],"wp:featuredmedia":[{"embeddable":true,"href":"https:\/\/archive.sana.sy\/es\/index.php?rest_route=\/wp\/v2\/media\/209059"}],"wp:attachment":[{"href":"https:\/\/archive.sana.sy\/es\/index.php?rest_route=%2Fwp%2Fv2%2Fmedia&parent=210321"}],"wp:term":[{"taxonomy":"category","embeddable":true,"href":"https:\/\/archive.sana.sy\/es\/index.php?rest_route=%2Fwp%2Fv2%2Fcategories&post=210321"},{"taxonomy":"post_tag","embeddable":true,"href":"https:\/\/archive.sana.sy\/es\/index.php?rest_route=%2Fwp%2Fv2%2Ftags&post=210321"}],"curies":[{"name":"wp","href":"https:\/\/api.w.org\/{rel}","templated":true}]}}