{"id":210326,"date":"2021-12-17T09:30:49","date_gmt":"2021-12-17T07:30:49","guid":{"rendered":"http:\/\/107.6.182.27\/es\/?p=210326"},"modified":"2023-01-12T14:39:32","modified_gmt":"2023-01-12T12:39:32","slug":"operacion-heroica-deja-muerto-a-un-colono-israeli-al-noroeste-de-naplusa","status":"publish","type":"post","link":"https:\/\/archive.sana.sy\/es\/?p=210326","title":{"rendered":"Operaci\u00f3n heroica deja muerto a un colono israel\u00ed al noroeste de Naplusa"},"content":{"rendered":"<p style=\"text-align: justify;\"><span style=\"color: #800000;\"><strong>Jerusal\u00e9n ocupada, 17 dic (SANA)<\/strong><\/span><\/p>\n<p style=\"text-align: justify;\">En respuesta a los continuos cr\u00edmenes de la ocupaci\u00f3n israel\u00ed contra los palestinos, dos personas de esa naci\u00f3n \u00e1rabe llevaron a cabo una operaci\u00f3n heroica al noroeste de la ciudad cisjordana de Naplusa, donde eliminaron un colono israel\u00ed e hirieron a otros dos.<\/p>\n<p style=\"text-align: justify;\">La agencia palestina de noticias MAAN divulg\u00f3 que dos palestinos abrieron fuego contra un autom\u00f3vil de colonos en la entrada de un asentamiento entre Jenin y Naplusa, lo que caus\u00f3 la muerte de un colono y heridas a otros dos.<\/p>\n<p style=\"text-align: justify;\">\u201cLos dos h\u00e9roes hab\u00edan podido retirarse del lugar de la operaci\u00f3n\u201d, detall\u00f3 MAAN.<\/p>\n<p style=\"text-align: justify;\">En un contexto relacionado, las fuerzas de ocupaci\u00f3n irrumpieron en Sila al-Dhahr, al sur de Jenin, y en las localidades circundantes, mientras los colonos sionistas atacaron autom\u00f3viles y propiedades de los palestinos.<\/p>\n<p style=\"text-align: justify;\">La ocupaci\u00f3n israel\u00ed contin\u00faa sus agresiones contra los palestinos con el objetivo de desplazarlos y apoderarse de sus bienes en medio de un silencio de la comunidad internacional y su desprecio por la aplicaci\u00f3n de las resoluciones de legitimidad para detener los cr\u00edmenes israel\u00edes y proporcionar protecci\u00f3n internacional al pueblo palestino.<\/p>\n<p style=\"text-align: justify;\"><em><strong>ah\/fm<\/strong><\/em><\/p>\n","protected":false},"excerpt":{"rendered":"<p>Jerusal\u00e9n ocupada, 17 dic (SANA) En respuesta a los continuos cr\u00edmenes de la ocupaci\u00f3n israel\u00ed contra los palestinos, dos personas de esa naci\u00f3n \u00e1rabe llevaron a cabo una operaci\u00f3n heroica al noroeste de la ciudad cisjordana de Naplusa, donde eliminaron un colono israel\u00ed e hirieron a otros dos. La agencia palestina de noticias MAAN divulg\u00f3 &hellip;<\/p>\n","protected":false},"author":30,"featured_media":210327,"comment_status":"closed","ping_status":"closed","sticky":false,"template":"","format":"standard","meta":{"footnotes":""},"categories":[597,456,457,7541],"tags":[9074,7204,1494],"class_list":["post-210326","post","type-post","status-publish","format-standard","has-post-thumbnail","","category-cinta-de-noticias","category-arabe-internacional-politica","category-noticias-arabe-internacional-politica","category-ultimas-noticias","tag-cisjordania","tag-israel","tag-palestina"],"_links":{"self":[{"href":"https:\/\/archive.sana.sy\/es\/index.php?rest_route=\/wp\/v2\/posts\/210326"}],"collection":[{"href":"https:\/\/archive.sana.sy\/es\/index.php?rest_route=\/wp\/v2\/posts"}],"about":[{"href":"https:\/\/archive.sana.sy\/es\/index.php?rest_route=\/wp\/v2\/types\/post"}],"author":[{"embeddable":true,"href":"https:\/\/archive.sana.sy\/es\/index.php?rest_route=\/wp\/v2\/users\/30"}],"replies":[{"embeddable":true,"href":"https:\/\/archive.sana.sy\/es\/index.php?rest_route=%2Fwp%2Fv2%2Fcomments&post=210326"}],"version-history":[{"count":0,"href":"https:\/\/archive.sana.sy\/es\/index.php?rest_route=\/wp\/v2\/posts\/210326\/revisions"}],"wp:featuredmedia":[{"embeddable":true,"href":"https:\/\/archive.sana.sy\/es\/index.php?rest_route=\/wp\/v2\/media\/210327"}],"wp:attachment":[{"href":"https:\/\/archive.sana.sy\/es\/index.php?rest_route=%2Fwp%2Fv2%2Fmedia&parent=210326"}],"wp:term":[{"taxonomy":"category","embeddable":true,"href":"https:\/\/archive.sana.sy\/es\/index.php?rest_route=%2Fwp%2Fv2%2Fcategories&post=210326"},{"taxonomy":"post_tag","embeddable":true,"href":"https:\/\/archive.sana.sy\/es\/index.php?rest_route=%2Fwp%2Fv2%2Ftags&post=210326"}],"curies":[{"name":"wp","href":"https:\/\/api.w.org\/{rel}","templated":true}]}}