{"id":210354,"date":"2021-12-17T11:13:27","date_gmt":"2021-12-17T09:13:27","guid":{"rendered":"http:\/\/107.6.182.27\/es\/?p=210354"},"modified":"2023-01-10T15:13:23","modified_gmt":"2023-01-10T13:13:23","slug":"210354","status":"publish","type":"post","link":"https:\/\/archive.sana.sy\/es\/?p=210354","title":{"rendered":""},"content":{"rendered":"<p style=\"text-align: justify;\"><span style=\"color: #800000;\"><strong>Damasco, 17 dic (SANA)<\/strong><\/span><\/p>\n<p style=\"text-align: justify;\"><span style=\"color: #0000ff;\"><strong>Crean Consejo Empresarial Australiano-sirio<\/strong><\/span><\/p>\n<p style=\"text-align: justify;\">Un grupo de empresarios australianos de origen sirio, anunci\u00f3 la formaci\u00f3n del Consejo Empresarial Australiano-sirio encabezado por el Dr. Ali Jourieh.<\/p>\n<p style=\"text-align: justify;\">La formaci\u00f3n de la referida entidad tiene como objetivo crear un entorno adecuado para la celebraci\u00f3n de actividades econ\u00f3micas sirias en Australia y mantener los contactos de la comunidad siria en ese pa\u00eds con la patria.<\/p>\n<p style=\"text-align: justify;\">En declaraciones a SANA, el Juriya detall\u00f3 que el Consejo obtuvo aprobaciones oficiales del gobierno australiano, y agreg\u00f3 que el mismo busca tambi\u00e9n desarrollar la cooperaci\u00f3n con la patria en varios campos econ\u00f3micos.<\/p>\n<p style=\"text-align: justify;\">En otra parte de sus declaraciones, expres\u00f3 su esperanza de que el nuevo Consejo tenga una contraparte del lado sirio para coordinar entre los dos consejos con el objetivo de fortalecer relaciones econ\u00f3micas y comerciales entre empresarios de los dos pa\u00edses.<\/p>\n<p style=\"text-align: justify;\"><span style=\"color: #0000ff;\"><strong>Delegaci\u00f3n brasile\u00f1a presta especial atenci\u00f3n al pabell\u00f3n sirio en la Expo 2020 Dubai<\/strong><\/span><\/p>\n<p style=\"text-align: justify;\">Una delegaci\u00f3n brasile\u00f1a de la Federaci\u00f3n de Industrias del Estado de Sao Paulo visit\u00f3 el pabell\u00f3n sirio participante en la Expo 2020 Dubai.<\/p>\n<p style=\"text-align: justify;\">Durante un recorrido por las secciones del pabell\u00f3n, la delegaci\u00f3n brasile\u00f1a fue informada sobre las diversas exhibiciones art\u00edsticas y culturales que incluyen el primer alfabeto de la historia, adem\u00e1s de visitar la sala designada para escuchar la notaci\u00f3n musical tambi\u00e9n m\u00e1s antigua en la historia.<\/p>\n<p style=\"text-align: justify;\">La delegaci\u00f3n, encabezada por la presidenta del Consejo de Mujeres de la Federaci\u00f3n de Industrias del estado de Sao Paulo, Marta Suplici, prest\u00f3 especial atenci\u00f3n e inter\u00e9s por las empresas sirias participantes, y abord\u00f3 tambi\u00e9n la posibilidad de cooperaci\u00f3n entre ambas partes.<\/p>\n<p style=\"text-align: justify;\">Asimismo, la delegaci\u00f3n expres\u00f3 su admiraci\u00f3n por la exposici\u00f3n de arte que alberga el pabell\u00f3n sirio bajo el t\u00edtulo \u201cYo soy el sirio\u201d, en la que cada cuadro representa un rostro de Siria, y su idea se basa en el hecho de que cada sirio es parte de la conciencia colectiva de que todos los sirios construir\u00e1n juntos un futuro para Siria y el mundo.<\/p>\n<p style=\"text-align: justify;\">La delegaci\u00f3n estuvo acompa\u00f1ada durante el recorrido por el Comisionado General del pabell\u00f3n, el embajador de Siria en los Emiratos \u00c1rabes Unidos, Ghassan Abbas, y el Ing. Khaled Al-Shamaa, y el director del pabell\u00f3n sirio en la Expo 2020 Dubai.<\/p>\n<p style=\"text-align: justify;\"><span style=\"color: #0000ff;\"><strong>Siria y Serbia firman acuerdo de cooperaci\u00f3n en el \u00e1mbito de la agricultura<\/strong><\/span><\/p>\n<p style=\"text-align: justify;\">El ministro de Agricultura, Mohamed Hassan Qatna, convers\u00f3 con el Viceministro de Exteriores de Serbia para asuntos de Cooperaci\u00f3n Bilateral, Vladimir Mari\u0107, sobre la activaci\u00f3n del intercambio comercial y la firma de un futuro acuerdo de cooperaci\u00f3n en el sector agr\u00edcola entre los dos pa\u00edses.<\/p>\n<p style=\"text-align: justify;\">Qatna subray\u00f3 la importancia del intercambio comercial en materia de importar desde Serbia fertilizantes, requerimientos de producci\u00f3n, maquinaria agr\u00edcola moderna y forrajes y, a cambio, Siria exporta c\u00edtricos, manzanas, aceite de oliva y plantas ornamentales.<\/p>\n<p style=\"text-align: justify;\">Se trat\u00f3 tambi\u00e9n la posibilidad de trasladar la experiencia siria en el campo de la producci\u00f3n de enemigos biol\u00f3gicos como alternativa a los plaguicidas para erradicar muchos insectos.<\/p>\n<p style=\"text-align: justify;\">El titular sirio habl\u00f3 tambi\u00e9n de la posibilidad de firmar el acuerdo de cooperaci\u00f3n tras acordar su versi\u00f3n final y brindar todas las facilidades para el establecimiento de inversiones en Siria de acuerdo con la nueva ley de inversiones.<\/p>\n<p style=\"text-align: justify;\">Por su parte, Maric expres\u00f3 la disposici\u00f3n de su pa\u00eds de construir una planta de fertilizantes en Siria y participar en las licitaciones que se anuncien, especialmente en los campos de suministro de tractores modernos, forrajes, requisitos de producci\u00f3n agr\u00edcola y pesticidas.<\/p>\n<p style=\"text-align: justify;\">Pidi\u00f3 al ministro Qatna que visite Serbia y conozca la realidad agr\u00edcola y las t\u00e9cnicas utilizadas en este campo.<\/p>\n<p style=\"text-align: justify;\"><span style=\"color: #0000ff;\"><strong>Siria e Iraq se empe\u00f1an por lograr la integraci\u00f3n industrial y econ\u00f3mica<\/strong><\/span><\/p>\n<p style=\"text-align: justify;\">Concluyeron en la capital Damasco las actividades del Foro Empresarial Sirio-Iraqu\u00ed y la Primera Feria de Exportaci\u00f3n, organizadas durante tres d\u00edas por el Grupo Internacional de Hombres y Mujeres de Negocios en cooperaci\u00f3n con las Federaciones de C\u00e1maras de Industria, Comercio y Contratistas en Siria e Irak.<\/p>\n<p style=\"text-align: justify;\">Los esfuerzos de ambas partes dieron como resultado la firma de memorandos de entendimiento entre los dos pa\u00edses en preparaci\u00f3n para la conclusi\u00f3n de acuerdos de cooperaci\u00f3n conjunta entre el Grupo Internacional de Hombres y Mujeres de Negocios y la Autoridad de Ciudades Industriales iraqu\u00edes para lanzar el Directorio Conjunto de Ciudades Industriales Sirio-iraqu\u00edes.<\/p>\n<p style=\"text-align: justify;\">Se acord\u00f3 adem\u00e1s, con la Uni\u00f3n de Empresarios Iraqu\u00edes establecer una compa\u00f1\u00eda de seguros conjunta iraqu\u00ed-siria y otra compa\u00f1\u00eda sirio-iraqu\u00ed para la inversi\u00f3n y comercializaci\u00f3n agr\u00edcola entre los dos pa\u00edses.<\/p>\n<p style=\"text-align: justify;\">Las dos partes acordaron tambi\u00e9n reactivar el Consejo Empresarial Sirio-Iraqu\u00ed, y se firm\u00f3 un memorando de entendimiento en preparaci\u00f3n para la firma de un acuerdo de cooperaci\u00f3n conjunta.<\/p>\n<p style=\"text-align: justify;\">Se form\u00f3 un grupo de trabajo y seguimiento para implementar las conclusiones y recomendaciones del foro y presentar informes peri\u00f3dicos al respecto.<\/p>\n<p style=\"text-align: justify;\"><span style=\"color: #0000ff;\"><strong>Conversaciones sirio-serbias en el campo de las telecomunicaciones y la transformaci\u00f3n digital<\/strong><\/span><\/p>\n<p style=\"text-align: justify;\">El Ministro de telecomunicaciones y Tecnolog\u00eda, Iyad Al-Khatib, convers\u00f3 con el viceministro de Exteriores de Serbia, Vladimir Mari\u0107, y la delegaci\u00f3n que lo acompa\u00f1aba, sobre los mecanismos para el intercambio de experiencias en los campos de la tecnolog\u00eda de las comunicaciones y la transformaci\u00f3n digital entre los dos pa\u00edses.<\/p>\n<p style=\"text-align: justify;\">El ministro Al-Khatib invit\u00f3 las empresas serbias interesadas en el sector de las telecomunicaciones a trabajar con la Compa\u00f1\u00eda Siria de Telecomunicaciones en los proyectos que se anuncien, adem\u00e1s de cooperar en el campo de la transformaci\u00f3n digital y el sector de la programaci\u00f3n.<\/p>\n<p style=\"text-align: justify;\">El ministro enfatiz\u00f3 la necesidad de encontrar un mecanismo acordado para transportar correo desde y hacia Siria a trav\u00e9s de Serbia.<\/p>\n<p style=\"text-align: justify;\">Por su parte, Maric afirm\u00f3 que las propuestas realizadas durante el encuentro ser\u00e1n estudiadas a nivel del gobierno serbio y empresas privadas.<\/p>\n<p style=\"text-align: justify;\">Destac\u00f3 el inter\u00e9s del gobierno serbio en abrir perspectivas de cooperaci\u00f3n con Siria en el campo de las telecomunicaciones y brindar todas las facilidades necesarias en este campo.<\/p>\n<p style=\"text-align: justify;\"><span style=\"color: #0000ff;\"><strong>Inauguran segunda edici\u00f3n de la Feria de Productores de Alepo\u00a0<\/strong><\/span><\/p>\n<p style=\"text-align: justify;\">Se ha inaugurado la segunda edici\u00f3n de la feria \u201cProductores de Alepo\u201d, en Khan Al-Shouna la ciudad vieja de Alepo.<\/p>\n<p style=\"text-align: justify;\">El evento cuenta con la participaci\u00f3n de unos 258 productores que exhiben productos alimentarios, textiles, artesanales y muebles en 107 pabellones.<\/p>\n<p style=\"text-align: justify;\">La primera edici\u00f3n de la feria tuvo lugar en noviembre del a\u00f1o pasado, en el lugar emblem\u00e1tico de al-Tekiyeh al-Sulaimaniyeh en la capital Damasco.<\/p>\n<p style=\"text-align: justify;\"><span style=\"color: #0000ff;\"><strong>Conversaciones para transferir tecnolog\u00edas de investigaci\u00f3n agr\u00edcola iran\u00edes a Siria<\/strong><\/span><\/p>\n<p style=\"text-align: justify;\">El ministro de Agricultura y Reforma Agraria, Mohamed Hassan Qatna, discuti\u00f3 con el presidente de la fundaci\u00f3n iran\u00ed \u201cAl-Jihad Universitario\u201d, Hamid Reza Tibi, las posibilidades de transferir tecnolog\u00edas iran\u00edes en el campo de los embriones para producir semillas h\u00edbridas de verduras y alevines mar\u00edtimos en Siria.<\/p>\n<p style=\"text-align: justify;\">El Ministro de Agricultura destac\u00f3 la importancia de transferir estas tecnolog\u00edas modernas a Siria para desarrollar el sector agr\u00edcola, especialmente en lo referente a los embriones despu\u00e9s de que el ganado sufriera da\u00f1os significativos durante los \u00faltimos a\u00f1os.<\/p>\n<p style=\"text-align: justify;\">Qatna se\u00f1al\u00f3 que un banco de semillas gen\u00e9ticas fue rehabilitado en Alepo y se le suministrar\u00e1 pronto semillas en cooperaci\u00f3n con el Centro de Investigaci\u00f3n \u201cICARDA\u201d.<\/p>\n<p style=\"text-align: justify;\">\u201cLa Autoridad General para la Investigaci\u00f3n Cient\u00edfica Agr\u00edcola proporciona variedades altamente productivas de varios cultivos despu\u00e9s de probarlas durante mucho tiempo\u201d, indic\u00f3.<\/p>\n<p style=\"text-align: justify;\">Por su parte, el presidente de la fundaci\u00f3n iran\u00ed expres\u00f3 la voluntad de cooperar con la parte siria en los campos de investigaci\u00f3n e intercambio de experticias y visitas.<\/p>\n<p style=\"text-align: justify;\"><span style=\"color: #0000ff;\"><strong>50 empresas de Siria e Irak participan en la Feria de Exportaci\u00f3n<\/strong><\/span><\/p>\n<p style=\"text-align: justify;\">La primera edici\u00f3n de la Feria de Exportaci\u00f3n organizada por el Grupo Internacional de Mujeres y Hombres de Negocios se inaugur\u00f3 en la Ciudad de Exposiciones de Damasco.<\/p>\n<p style=\"text-align: justify;\">En el evento, participan m\u00e1s de 50 empresas industriales de Siria e Irak, y varios empresarios de los dos pa\u00edses.<\/p>\n<p style=\"text-align: justify;\">La feria durar\u00e1 hasta el 15 del mes en curso e incluye seminarios de di\u00e1logo econ\u00f3mico, y tiene como objetivo compartir las experiencias en los sectores industrial y comercial de los dos pa\u00edses en beneficio de la fase de reconstrucci\u00f3n, adem\u00e1s de ampliar la asociaci\u00f3n entre Siria y los pa\u00edses vecinos.<\/p>\n<p style=\"text-align: justify;\">Asimismo, arranca el Foro Empresarial Sirio-Iraqu\u00ed en Damasco que se celebra en cooperaci\u00f3n con las federaciones de C\u00e1maras de Industria y Comercio, y contratistas en Siria e Irak.<\/p>\n<p style=\"text-align: justify;\">En el Foro, estar\u00e1n presentes representadores de los sectores alimentario, textil, qu\u00edmico, mec\u00e1nico, m\u00e9dico, el\u00e9ctrico, financiero y mar\u00edtimo, e incluir\u00e1 reuniones conjuntas de trabajo, seminarios econ\u00f3micos y visitas de trabajo para saber m\u00e1s del mercado sirio y las oportunidades comerciales entre las dos partes.<\/p>\n<p style=\"text-align: justify;\"><span style=\"color: #0000ff;\"><strong>Ministerio de Agricultura rehabilita cinco aviones agr\u00edcolas y otros equipos<\/strong><\/span><\/p>\n<p style=\"text-align: justify;\">El Ministerio de Agricultura, en cooperaci\u00f3n entre la Organizaci\u00f3n de las Naciones Unidas para la Agricultura y la Alimentaci\u00f3n (FAO), logr\u00f3 rehabilitar equipos para combatir plagas que amenazan el sector agr\u00edcola.<\/p>\n<p style=\"text-align: justify;\">El director de Prevenci\u00f3n del Ministerio de Agricultura, Iyad Muhammad, inform\u00f3 a SANA que los equipos proporcionados incluyen 31 aspersores agr\u00edcolas, 11 de los cuales est\u00e1n montados sobre veh\u00edculos, con capacidad de fumigar 100 hect\u00e1reas por d\u00eda, y 20 aspersores agr\u00edcolas cargables sobre la espalda.<\/p>\n<p style=\"text-align: justify;\">El titular explic\u00f3 que el equipo obtenido aumentar\u00e1 la efectividad de las operaciones contra las plagas y salvar\u00e1 los cultivos del peligro de langostas y otras plagas que representan una seria amenaza para el sector agr\u00edcola.<\/p>\n<p style=\"text-align: justify;\">Destac\u00f3 que continuar\u00e1n los esfuerzos por conseguir m\u00e1s dispositivos a pesar de que muchos equipos fueron destruidos o robados, adem\u00e1s una parte est\u00e1 obsoleta lo que dificulta la realizaci\u00f3n de tales operaciones.<\/p>\n<p style=\"text-align: justify;\"><span style=\"color: #0000ff;\"><strong>Conversaciones sirio-indonesias para impulsar inversi\u00f3n e intercambio comercial<\/strong><\/span><\/p>\n<p style=\"text-align: justify;\">El encargado de negocios de la embajada de Siria en Yakarta, Abdel Moneim Annan, examin\u00f3 con la directora del Departamento de Cooperaci\u00f3n Conjunta del Ministerio de Comercio de Indonesia, Med Ayo Martheni, las v\u00edas de impulsar la inversi\u00f3n y el intercambio comercial entre los dos pa\u00edses.<\/p>\n<p style=\"text-align: justify;\">El diplom\u00e1tico sirio indic\u00f3 que el objetivo de la reuni\u00f3n es discutir las oportunidades y las v\u00edas de aumentar el intercambio inversionista y comercial entre ambos pa\u00edses.<\/p>\n<p style=\"text-align: justify;\">Por su parte, la titular indonesia propuso formar un equipo de trabajo para discutir las ventajas, dificultades y las posibilidades de cooperaci\u00f3n con las empresa estatales y privadas.<\/p>\n<p style=\"text-align: justify;\">Llam\u00f3 a firmar un memorando de entendimiento entre Siria e Indonesia con el fin de impulsar las relaciones comerciales.<\/p>\n<p style=\"text-align: justify;\"><span style=\"color: #0000ff;\"><strong>Parlamento aprueba proyecto de ley de Presupuesto General del Estado 2022<\/strong><\/span><\/p>\n<p style=\"text-align: justify;\">El Parlamento aprob\u00f3 el proyecto de ley de Presupuesto General del Estado para el a\u00f1o fiscal 2022.<\/p>\n<p style=\"text-align: justify;\">El valor total del presupuesto se estima en 13 billones 325 mil millones de libras sirias, con un aumento de alrededor de cinco billones en comparaci\u00f3n con lo del a\u00f1o en curso.<\/p>\n<p style=\"text-align: justify;\">Los gastos corrientes son de 11 billones y 325 mil millones de libras sirias, mientras que los gastos de inversi\u00f3n ascienden a dos billones.<\/p>\n<p style=\"text-align: justify;\">En declaraciones a la prensa, el ministro de Hacienda, Kinan Yaghi, se\u00f1al\u00f3 que el subsidio social es una pol\u00edtica firmemente constante, donde el valor asignado al mismo llega en el presupuesto 2022 a cinco billones 529 mil millones.<\/p>\n<p style=\"text-align: justify;\">Aclar\u00f3 que el gobierno adoptar\u00e1 el pr\u00f3ximo a\u00f1o un nuevo enfoque para garantizar que el apoyo social llegue a la gente que lo merece.<\/p>\n<p style=\"text-align: justify;\"><span style=\"color: #0000ff;\"><strong>120 compa\u00f1\u00edas exhiben sus productos en la feria \u201cHecho en Siria\u201d\u00a0<\/strong><\/span><\/p>\n<p style=\"text-align: justify;\">La 130\u00aa edici\u00f3n de la feria \u201cHecho en Siria\u201d arranc\u00f3 esta noche en la ciudad deportiva de Al Jalaa, en Damasco, con la participaci\u00f3n de 120 empresas locales especializadas en producci\u00f3n de alimentos, productos qu\u00edmicos, el\u00e9ctricos, ropa entre otros.<\/p>\n<p style=\"text-align: justify;\">El festival que durar\u00e1 hasta el d\u00eda 21 del actual mes, ofrece diferentes ofertas y descuentos hasta el 30% en diversos productos alimenticios, textiles, qu\u00edmicos y detergentes.<\/p>\n<p style=\"text-align: justify;\">En una declaraci\u00f3n a los periodistas, el gobernador del Damasco, Adel Al-Olabi,, se\u00f1al\u00f3 que este evento est\u00e1 destinado a apoyar y servir al ciudadano en las circunstancias actuales.<\/p>\n<p style=\"text-align: justify;\">Indic\u00f3 que el ayuntamiento est\u00e1 dispuesto a brindar todo el apoyo a tales eventos destinados a las personas de bajos ingresos.<\/p>\n<p style=\"text-align: justify;\">La feria \u201cHecho en Siria\u201d se celebra en la mayor\u00eda de las provincias sirias y se exhibe en la misma varios productos con descuentos del 30 al 40%.<\/p>\n<p style=\"text-align: justify;\"><em><strong>Equipo de traductores y redactores de SANA en espa\u00f1ol<\/strong><\/em><\/p>\n<div class=\"addtoany_share_save_container addtoany_content addtoany_content_bottom\">\n<div class=\"a2a_kit a2a_kit_size_32 addtoany_list\" style=\"text-align: justify;\" data-a2a-url=\"http:\/\/107.6.182.27\/es\/?p=209377\" data-a2a-title=\"Resumen econ\u00f3mico semanal\"><\/div>\n<\/div>\n","protected":false},"excerpt":{"rendered":"<p>Damasco, 17 dic (SANA) Crean Consejo Empresarial Australiano-sirio Un grupo de empresarios australianos de origen sirio, anunci\u00f3 la formaci\u00f3n del Consejo Empresarial Australiano-sirio encabezado por el Dr. Ali Jourieh. La formaci\u00f3n de la referida entidad tiene como objetivo crear un entorno adecuado para la celebraci\u00f3n de actividades econ\u00f3micas sirias en Australia y mantener los contactos &hellip;<\/p>\n","protected":false},"author":30,"featured_media":210356,"comment_status":"closed","ping_status":"closed","sticky":false,"template":"","format":"standard","meta":{"footnotes":""},"categories":[597,16686,485,457,583],"tags":[],"class_list":["post-210354","post","type-post","status-publish","format-standard","has-post-thumbnail","","category-cinta-de-noticias","category-economia","category-informes-negocios-y-finanzas","category-noticias-arabe-internacional-politica","category-slide"],"_links":{"self":[{"href":"https:\/\/archive.sana.sy\/es\/index.php?rest_route=\/wp\/v2\/posts\/210354"}],"collection":[{"href":"https:\/\/archive.sana.sy\/es\/index.php?rest_route=\/wp\/v2\/posts"}],"about":[{"href":"https:\/\/archive.sana.sy\/es\/index.php?rest_route=\/wp\/v2\/types\/post"}],"author":[{"embeddable":true,"href":"https:\/\/archive.sana.sy\/es\/index.php?rest_route=\/wp\/v2\/users\/30"}],"replies":[{"embeddable":true,"href":"https:\/\/archive.sana.sy\/es\/index.php?rest_route=%2Fwp%2Fv2%2Fcomments&post=210354"}],"version-history":[{"count":0,"href":"https:\/\/archive.sana.sy\/es\/index.php?rest_route=\/wp\/v2\/posts\/210354\/revisions"}],"wp:featuredmedia":[{"embeddable":true,"href":"https:\/\/archive.sana.sy\/es\/index.php?rest_route=\/wp\/v2\/media\/210356"}],"wp:attachment":[{"href":"https:\/\/archive.sana.sy\/es\/index.php?rest_route=%2Fwp%2Fv2%2Fmedia&parent=210354"}],"wp:term":[{"taxonomy":"category","embeddable":true,"href":"https:\/\/archive.sana.sy\/es\/index.php?rest_route=%2Fwp%2Fv2%2Fcategories&post=210354"},{"taxonomy":"post_tag","embeddable":true,"href":"https:\/\/archive.sana.sy\/es\/index.php?rest_route=%2Fwp%2Fv2%2Ftags&post=210354"}],"curies":[{"name":"wp","href":"https:\/\/api.w.org\/{rel}","templated":true}]}}