{"id":210404,"date":"2021-12-17T17:03:25","date_gmt":"2021-12-17T15:03:25","guid":{"rendered":"http:\/\/107.6.182.27\/es\/?p=210404"},"modified":"2023-01-12T14:39:31","modified_gmt":"2023-01-12T12:39:31","slug":"peskov-tacha-de-ilegal-a-politica-europea-de-sanciones","status":"publish","type":"post","link":"https:\/\/archive.sana.sy\/es\/?p=210404","title":{"rendered":"Peskov tacha de ilegal a pol\u00edtica europea de sanciones"},"content":{"rendered":"<p style=\"text-align: justify;\"><span style=\"color: #800000;\"><strong>Mosc\u00fa,17 dic (SANA)<\/strong> <\/span>El Portavoz de la Presidencia rusa, Dmitriy Psykov, afirm\u00f3 que la pol\u00edtica de sanciones adoptada por la Uni\u00f3n Europea es &#8220;ilegal&#8221; y Rusia sigue tomando medidas para enfrentarlas.<\/p>\n<p style=\"text-align: justify;\">&#8220;No somos nosotros quienes comenzamos a imponer las sanciones, y tenemos varias medidas en respuesta a las mismas, difundi\u00f3 la agencia Sputnik, citando a Peskov.<\/p>\n<p style=\"text-align: justify;\">Agreg\u00f3 que &#8220;a\u00fan consideramos que este m\u00e9todo es ilegal y que estas sanciones no lograron ninguno de los objetivos&#8221;.<\/p>\n<p style=\"text-align: justify;\"><span style=\"color: #0000ff;\"><strong>fm\/sm<\/strong><\/span><\/p>\n","protected":false},"excerpt":{"rendered":"<p>Mosc\u00fa,17 dic (SANA) El Portavoz de la Presidencia rusa, Dmitriy Psykov, afirm\u00f3 que la pol\u00edtica de sanciones adoptada por la Uni\u00f3n Europea es &#8220;ilegal&#8221; y Rusia sigue tomando medidas para enfrentarlas. &#8220;No somos nosotros quienes comenzamos a imponer las sanciones, y tenemos varias medidas en respuesta a las mismas, difundi\u00f3 la agencia Sputnik, citando a &hellip;<\/p>\n","protected":false},"author":39,"featured_media":210405,"comment_status":"closed","ping_status":"closed","sticky":false,"template":"","format":"standard","meta":{"footnotes":""},"categories":[597,456,457],"tags":[20569,8886,20570,20350],"class_list":["post-210404","post","type-post","status-publish","format-standard","has-post-thumbnail","","category-cinta-de-noticias","category-arabe-internacional-politica","category-noticias-arabe-internacional-politica","tag-ilegal","tag-peskov","tag-politica-europea","tag-sanciones"],"_links":{"self":[{"href":"https:\/\/archive.sana.sy\/es\/index.php?rest_route=\/wp\/v2\/posts\/210404"}],"collection":[{"href":"https:\/\/archive.sana.sy\/es\/index.php?rest_route=\/wp\/v2\/posts"}],"about":[{"href":"https:\/\/archive.sana.sy\/es\/index.php?rest_route=\/wp\/v2\/types\/post"}],"author":[{"embeddable":true,"href":"https:\/\/archive.sana.sy\/es\/index.php?rest_route=\/wp\/v2\/users\/39"}],"replies":[{"embeddable":true,"href":"https:\/\/archive.sana.sy\/es\/index.php?rest_route=%2Fwp%2Fv2%2Fcomments&post=210404"}],"version-history":[{"count":0,"href":"https:\/\/archive.sana.sy\/es\/index.php?rest_route=\/wp\/v2\/posts\/210404\/revisions"}],"wp:featuredmedia":[{"embeddable":true,"href":"https:\/\/archive.sana.sy\/es\/index.php?rest_route=\/wp\/v2\/media\/210405"}],"wp:attachment":[{"href":"https:\/\/archive.sana.sy\/es\/index.php?rest_route=%2Fwp%2Fv2%2Fmedia&parent=210404"}],"wp:term":[{"taxonomy":"category","embeddable":true,"href":"https:\/\/archive.sana.sy\/es\/index.php?rest_route=%2Fwp%2Fv2%2Fcategories&post=210404"},{"taxonomy":"post_tag","embeddable":true,"href":"https:\/\/archive.sana.sy\/es\/index.php?rest_route=%2Fwp%2Fv2%2Ftags&post=210404"}],"curies":[{"name":"wp","href":"https:\/\/api.w.org\/{rel}","templated":true}]}}