{"id":210408,"date":"2021-12-17T17:38:49","date_gmt":"2021-12-17T15:38:49","guid":{"rendered":"http:\/\/107.6.182.27\/es\/?p=210408"},"modified":"2023-01-12T14:39:31","modified_gmt":"2023-01-12T12:39:31","slug":"decenas-de-palestino-heridos-por-represion-del-ocupante-israeli","status":"publish","type":"post","link":"https:\/\/archive.sana.sy\/es\/?p=210408","title":{"rendered":"Decenas de palestinos heridos por represi\u00f3n del ocupante israel\u00ed"},"content":{"rendered":"<p style=\"text-align: justify;\"><span style=\"color: #800000;\"><strong>Jerusal\u00e9n ocupada, 17 dic (SANA)<\/strong> <\/span>Decenas de palestinos resultaron heridos por la represi\u00f3n de las tropas de la ocupaci\u00f3n a dos manifestaciones contra las colonias sionistas en Naplusa, Cisjordania.<\/p>\n<p style=\"text-align: justify;\">La agencia palestina de noticias Wafa inform\u00f3 que los soldados sionistas dispararon y lanzaron bombas de gas lacrim\u00f3geno contra los manifestantes, lo cual provoc\u00f3 la lesi\u00f3n de 15 de ellos y la asfixia de decenas.<\/p>\n<p style=\"text-align: justify;\">Varios palestinos fueron martirizados, incluidos ni\u00f1os, y cientos fueron heridos como resultado de los asaltos diarios de las fuerzas de ocupaci\u00f3n israel\u00edes a las manifestaciones antiasentamientos en el poblado de Beita en Cisjordania.<\/p>\n<p style=\"text-align: justify;\">En el mismo contexto, varios palestinos resultaron heridos como resultado de la represi\u00f3n por parte de las tropas del ocupante sionista a la manifestaci\u00f3n semanal de Kafr Qaddum contra los asentamientos y parea exigir la apertura la entrada de la aldea, que est\u00e1 cerrada hace m\u00e1s de 17 a\u00f1os.<\/p>\n<p style=\"text-align: justify;\">El coordinador de la resistencia popular en la mencionada localidad, Murad Shteiwi, inform\u00f3 a Wafa que las fuerzas de ocupaci\u00f3n irrumpieron en la aldea y dispararon balas y bombas de gas lacrim\u00f3geno contra los participantes en la manifestaci\u00f3n, lo que caus\u00f3 la lesi\u00f3n de dos y la asfixia de otros.<\/p>\n<p style=\"text-align: justify;\"><span style=\"color: #0000ff;\"><strong>sm\/fm<\/strong><\/span><\/p>\n","protected":false},"excerpt":{"rendered":"<p>Jerusal\u00e9n ocupada, 17 dic (SANA) Decenas de palestinos resultaron heridos por la represi\u00f3n de las tropas de la ocupaci\u00f3n a dos manifestaciones contra las colonias sionistas en Naplusa, Cisjordania. La agencia palestina de noticias Wafa inform\u00f3 que los soldados sionistas dispararon y lanzaron bombas de gas lacrim\u00f3geno contra los manifestantes, lo cual provoc\u00f3 la lesi\u00f3n &hellip;<\/p>\n","protected":false},"author":39,"featured_media":210412,"comment_status":"closed","ping_status":"closed","sticky":false,"template":"","format":"standard","meta":{"footnotes":""},"categories":[597,456,457],"tags":[9074,10660,20015,19720,19958,19723],"class_list":["post-210408","post","type-post","status-publish","format-standard","has-post-thumbnail","","category-cinta-de-noticias","category-arabe-internacional-politica","category-noticias-arabe-internacional-politica","tag-cisjordania","tag-jerusalen-ocupada","tag-manifestaciones","tag-naplusa","tag-ocupante-israeli","tag-represion"],"_links":{"self":[{"href":"https:\/\/archive.sana.sy\/es\/index.php?rest_route=\/wp\/v2\/posts\/210408"}],"collection":[{"href":"https:\/\/archive.sana.sy\/es\/index.php?rest_route=\/wp\/v2\/posts"}],"about":[{"href":"https:\/\/archive.sana.sy\/es\/index.php?rest_route=\/wp\/v2\/types\/post"}],"author":[{"embeddable":true,"href":"https:\/\/archive.sana.sy\/es\/index.php?rest_route=\/wp\/v2\/users\/39"}],"replies":[{"embeddable":true,"href":"https:\/\/archive.sana.sy\/es\/index.php?rest_route=%2Fwp%2Fv2%2Fcomments&post=210408"}],"version-history":[{"count":0,"href":"https:\/\/archive.sana.sy\/es\/index.php?rest_route=\/wp\/v2\/posts\/210408\/revisions"}],"wp:featuredmedia":[{"embeddable":true,"href":"https:\/\/archive.sana.sy\/es\/index.php?rest_route=\/wp\/v2\/media\/210412"}],"wp:attachment":[{"href":"https:\/\/archive.sana.sy\/es\/index.php?rest_route=%2Fwp%2Fv2%2Fmedia&parent=210408"}],"wp:term":[{"taxonomy":"category","embeddable":true,"href":"https:\/\/archive.sana.sy\/es\/index.php?rest_route=%2Fwp%2Fv2%2Fcategories&post=210408"},{"taxonomy":"post_tag","embeddable":true,"href":"https:\/\/archive.sana.sy\/es\/index.php?rest_route=%2Fwp%2Fv2%2Ftags&post=210408"}],"curies":[{"name":"wp","href":"https:\/\/api.w.org\/{rel}","templated":true}]}}