{"id":21052,"date":"2015-04-10T20:56:01","date_gmt":"2015-04-10T17:56:01","guid":{"rendered":"http:\/\/www.sana.sy\/es\/?p=21052"},"modified":"2015-04-11T13:19:22","modified_gmt":"2015-04-11T10:19:22","slug":"el-ejercito-continua-sus-operaciones-contra-los-terroristas","status":"publish","type":"post","link":"https:\/\/archive.sana.sy\/es\/?p=21052","title":{"rendered":"El ej\u00e9rcito contin\u00faa sus operaciones  contra  los terroristas"},"content":{"rendered":"<p style=\"text-align: justify\"><span style=\"color: #800000\">Provincias-SANA<\/span><\/p>\n<p style=\"text-align: justify\">Un gran n\u00famero de terroristas han sido eliminados como consecuencia de las operaciones liberadas las unidades del ej\u00e9rcito contra\u00a0 escondites y concentraciones de los terroristas en varias\u00a0 provincias sirias.<\/p>\n<p style=\"text-align: justify\"><span style=\"color: #0000ff\">Deraa<\/span><\/p>\n<p style=\"text-align: justify\">El campo sure\u00f1o de la provincia ha sido un escenario de unos operativos militares donde los terroristas han sufrido grandes p\u00e9rdidas tanto humanas como materiales.<\/p>\n<p style=\"text-align: justify\"><span style=\"color: #0000ff\">Sweida<\/span><\/p>\n<p style=\"text-align: justify\">Unidades del ej\u00e9rcito y de las fuerzas armadas abortan un intento de los terroristas del (EI) para infiltrarse hacia las zonas\u00a0 DE Zalfaa, y Abu Harat en el campo norte\u00f1o de la provincia.<\/p>\n<p style=\"text-align: justify\"><span style=\"color: #0000ff\">Campo-Damasco<\/span><\/p>\n<p style=\"text-align: justify\">Unidades del ej\u00e9rcito y de las FFAA destruyen escondites de los terroristas en las granjas y aldeas de al-Gutta oriental, Harmalah, Zamalkah, y en las aproximaciones de Yobar.<\/p>\n<p style=\"text-align: justify\">Otras unidades del ej\u00e9rcito eliminaron a gran n\u00famero de terroristas en las aproximaciones de Kara en al-Kalamun del campo de Damasco.<\/p>\n<p style=\"text-align: justify\"><span style=\"color: #0000ff\">Homs<\/span><\/p>\n<p>Una fuente militar le inform\u00f3 a SANA que unas unidades del ej\u00e9rcito acabaron con un n\u00famero de terroristas en las aldeas de\u00a0 al-Jariya, y al-Arshuna situados en el campo nordeste de la provincia.<\/p>\n<p><span style=\"color: #800000\">M.Miri<\/span><\/p>\n","protected":false},"excerpt":{"rendered":"<p>Provincias-SANA Un gran n\u00famero de terroristas han sido eliminados como consecuencia de las operaciones liberadas las unidades del ej\u00e9rcito contra\u00a0 escondites y concentraciones de los terroristas en varias\u00a0 provincias sirias. Deraa El campo sure\u00f1o de la provincia ha sido un escenario de unos operativos militares donde los terroristas han sufrido grandes p\u00e9rdidas tanto humanas como &hellip;<\/p>\n","protected":false},"author":1,"featured_media":5063,"comment_status":"closed","ping_status":"closed","sticky":false,"template":"","format":"standard","meta":{"footnotes":""},"categories":[573],"tags":[4793],"class_list":["post-21052","post","type-post","status-publish","format-standard","has-post-thumbnail","","category-la-realidad-de-los-acontecimientos-en-siria","tag-el-ejercito-continua-sus-operaciones-contra-los-terroristas"],"_links":{"self":[{"href":"https:\/\/archive.sana.sy\/es\/index.php?rest_route=\/wp\/v2\/posts\/21052"}],"collection":[{"href":"https:\/\/archive.sana.sy\/es\/index.php?rest_route=\/wp\/v2\/posts"}],"about":[{"href":"https:\/\/archive.sana.sy\/es\/index.php?rest_route=\/wp\/v2\/types\/post"}],"author":[{"embeddable":true,"href":"https:\/\/archive.sana.sy\/es\/index.php?rest_route=\/wp\/v2\/users\/1"}],"replies":[{"embeddable":true,"href":"https:\/\/archive.sana.sy\/es\/index.php?rest_route=%2Fwp%2Fv2%2Fcomments&post=21052"}],"version-history":[{"count":0,"href":"https:\/\/archive.sana.sy\/es\/index.php?rest_route=\/wp\/v2\/posts\/21052\/revisions"}],"wp:featuredmedia":[{"embeddable":true,"href":"https:\/\/archive.sana.sy\/es\/index.php?rest_route=\/wp\/v2\/media\/5063"}],"wp:attachment":[{"href":"https:\/\/archive.sana.sy\/es\/index.php?rest_route=%2Fwp%2Fv2%2Fmedia&parent=21052"}],"wp:term":[{"taxonomy":"category","embeddable":true,"href":"https:\/\/archive.sana.sy\/es\/index.php?rest_route=%2Fwp%2Fv2%2Fcategories&post=21052"},{"taxonomy":"post_tag","embeddable":true,"href":"https:\/\/archive.sana.sy\/es\/index.php?rest_route=%2Fwp%2Fv2%2Ftags&post=21052"}],"curies":[{"name":"wp","href":"https:\/\/api.w.org\/{rel}","templated":true}]}}