{"id":210652,"date":"2021-12-18T19:02:09","date_gmt":"2021-12-18T17:02:09","guid":{"rendered":"http:\/\/107.6.182.27\/es\/?p=210652"},"modified":"2021-12-18T19:04:30","modified_gmt":"2021-12-18T17:04:30","slug":"conversaciones-sirio-rusas-para-impulsar-el-comercio-mutuo-e-alimentos","status":"publish","type":"post","link":"https:\/\/archive.sana.sy\/es\/?p=210652","title":{"rendered":"Conversaciones sirio-rusas para impulsar el comercio mutuo e alimentos"},"content":{"rendered":"<p style=\"text-align: justify;\"><strong><span style=\"color: #800000;\">Damasco, 18 dic (SANA)\u00a0 \u00a0<\/span><\/strong>El Ministro de Comercio Interior y Protecci\u00f3n del Consumidor, Amr Salem, analiz\u00f3 con el Presidente del Consejo Empresarial Ruso-Sirio, Louay Youssef, y con el Presidente de la Compa\u00f1\u00eda Comercial rusa Comex, Konstantin Pasyuk, las v\u00edas para mejorar la cooperaci\u00f3n econ\u00f3mica y el intercambio comercial entre Siria y la Federaci\u00f3n de Rusia.<\/p>\n<p style=\"text-align: justify;\">Durante el encuentro, se debati\u00f3 la posibilidad de intercambiar algunos productos sirios, como aceite de oliva y c\u00edtricos, por productos rusos como aceite de girasol y otros rubros b\u00e1sicos (necesarios para el mercado sirio).<\/p>\n<p style=\"text-align: justify;\">Otra idea fue la de establecer un centro comercial ruso en uno de los complejos de la Compa\u00f1\u00eda Siria de Comercio, donde se podr\u00edan ofrecer productos rusos, y en cambio se establecer\u00eda un centro similar para productos sirios en Rusia.<\/p>\n<p style=\"text-align: justify;\">El ministro Salem exalt\u00f3 el papel del Consejo Empresarial Ruso-Sirio en la activaci\u00f3n de la cooperaci\u00f3n y la apertura de nuevos horizontes para el comercio mutuo, especialmente en el campo de los productos alimentarios.<\/p>\n<p style=\"text-align: justify;\">A su vez, Youssef afirm\u00f3 la disposici\u00f3n del consejo a asegurar las necesidades del mercado local sirio, especialmente en materia de alimentos, y tambi\u00e9n dar\u00e1 a conocer los productos y las empresas productoras, tanto rusas como sirias.<\/p>\n<p style=\"text-align: justify;\">Por su parte, Basyuk opin\u00f3 que los productos sirios son de alta calidad y necesitan una mejor comercializaci\u00f3n, tambi\u00e9n consider\u00f3 que el establecimiento de un centro comercial ruso en Siria y viceversa constituir\u00e1 un punto de partida para dar a conocer los productos y permitir a los empresarios suministrar las mercanc\u00edas requeridas.<\/p>\n<p style=\"text-align: justify;\">rsh\/rr<\/p>\n","protected":false},"excerpt":{"rendered":"<p>Damasco, 18 dic (SANA)\u00a0 \u00a0El Ministro de Comercio Interior y Protecci\u00f3n del Consumidor, Amr Salem, analiz\u00f3 con el Presidente del Consejo Empresarial Ruso-Sirio, Louay Youssef, y con el Presidente de la Compa\u00f1\u00eda Comercial rusa Comex, Konstantin Pasyuk, las v\u00edas para mejorar la cooperaci\u00f3n econ\u00f3mica y el intercambio comercial entre Siria y la Federaci\u00f3n de Rusia. &hellip;<\/p>\n","protected":false},"author":31,"featured_media":210653,"comment_status":"closed","ping_status":"closed","sticky":false,"template":"","format":"standard","meta":{"footnotes":""},"categories":[597,476,467,7541],"tags":[],"class_list":["post-210652","post","type-post","status-publish","format-standard","has-post-thumbnail","","category-cinta-de-noticias","category-locales","category-siria-y-el-mundo","category-ultimas-noticias"],"_links":{"self":[{"href":"https:\/\/archive.sana.sy\/es\/index.php?rest_route=\/wp\/v2\/posts\/210652"}],"collection":[{"href":"https:\/\/archive.sana.sy\/es\/index.php?rest_route=\/wp\/v2\/posts"}],"about":[{"href":"https:\/\/archive.sana.sy\/es\/index.php?rest_route=\/wp\/v2\/types\/post"}],"author":[{"embeddable":true,"href":"https:\/\/archive.sana.sy\/es\/index.php?rest_route=\/wp\/v2\/users\/31"}],"replies":[{"embeddable":true,"href":"https:\/\/archive.sana.sy\/es\/index.php?rest_route=%2Fwp%2Fv2%2Fcomments&post=210652"}],"version-history":[{"count":0,"href":"https:\/\/archive.sana.sy\/es\/index.php?rest_route=\/wp\/v2\/posts\/210652\/revisions"}],"wp:featuredmedia":[{"embeddable":true,"href":"https:\/\/archive.sana.sy\/es\/index.php?rest_route=\/wp\/v2\/media\/210653"}],"wp:attachment":[{"href":"https:\/\/archive.sana.sy\/es\/index.php?rest_route=%2Fwp%2Fv2%2Fmedia&parent=210652"}],"wp:term":[{"taxonomy":"category","embeddable":true,"href":"https:\/\/archive.sana.sy\/es\/index.php?rest_route=%2Fwp%2Fv2%2Fcategories&post=210652"},{"taxonomy":"post_tag","embeddable":true,"href":"https:\/\/archive.sana.sy\/es\/index.php?rest_route=%2Fwp%2Fv2%2Ftags&post=210652"}],"curies":[{"name":"wp","href":"https:\/\/api.w.org\/{rel}","templated":true}]}}