{"id":210674,"date":"2021-12-18T21:40:03","date_gmt":"2021-12-18T19:40:03","guid":{"rendered":"http:\/\/107.6.182.27\/es\/?p=210674"},"modified":"2023-01-10T14:22:29","modified_gmt":"2023-01-10T12:22:29","slug":"con-paz-y-alegria-homs-y-deraa-festeja-aproximacion-de-las-fiestas-navidenas-fotos","status":"publish","type":"post","link":"https:\/\/archive.sana.sy\/es\/?p=210674","title":{"rendered":"Con paz y alegr\u00eda, Homs y Deraa festeja aproximaci\u00f3n de las fiestas navide\u00f1as (+ fotos)"},"content":{"rendered":"<p><span style=\"color: #800000;\"><strong>Homs-Deraa, 18 dic (SANA)\u00a0 \u00a0 \u00a0<\/strong><\/span>En un ambiente de alegr\u00eda, se efectu\u00f3 hoy la ceremonia de encender las luces del \u00e1rbol de Navidad en la Iglesia de la Santa Virgen Um al-Zinar en la ciudad de Homs, capital de la provincia del mismo nombre.<\/p>\n<p>Mientras tanto, en la provincia de Deraa, la Iglesia de San Miguel en la ciudad de Izraa acogi\u00f3 una ceremonia de encender las luces del \u00e1rbol de Navidad..<\/p>\n<p>En ambas ceremonias, se efectuaron cantos navide\u00f1os.<\/p>\n<div id='gallery-1' class='gallery galleryid-210674 gallery-columns-1 gallery-size-full'><figure class='gallery-item'>\n\t\t\t<div class='gallery-icon landscape'>\n\t\t\t\t<a href='https:\/\/archive.sana.sy\/es\/wp-content\/uploads\/2021\/12\/IMG_2686-scaled.jpg'><img loading=\"lazy\" decoding=\"async\" width=\"2560\" height=\"1416\" src=\"https:\/\/archive.sana.sy\/es\/wp-content\/uploads\/2021\/12\/IMG_2686-scaled.jpg\" class=\"attachment-full size-full\" alt=\"\" srcset=\"https:\/\/archive.sana.sy\/es\/wp-content\/uploads\/2021\/12\/IMG_2686-scaled.jpg 2560w, https:\/\/archive.sana.sy\/es\/wp-content\/uploads\/2021\/12\/IMG_2686-300x166.jpg 300w, https:\/\/archive.sana.sy\/es\/wp-content\/uploads\/2021\/12\/IMG_2686-1024x566.jpg 1024w, https:\/\/archive.sana.sy\/es\/wp-content\/uploads\/2021\/12\/IMG_2686-150x83.jpg 150w, https:\/\/archive.sana.sy\/es\/wp-content\/uploads\/2021\/12\/IMG_2686-768x425.jpg 768w, https:\/\/archive.sana.sy\/es\/wp-content\/uploads\/2021\/12\/IMG_2686-1536x850.jpg 1536w, https:\/\/archive.sana.sy\/es\/wp-content\/uploads\/2021\/12\/IMG_2686-2048x1133.jpg 2048w\" sizes=\"(max-width: 2560px) 100vw, 2560px\" \/><\/a>\n\t\t\t<\/div><\/figure><figure class='gallery-item'>\n\t\t\t<div class='gallery-icon landscape'>\n\t\t\t\t<a href='https:\/\/archive.sana.sy\/es\/wp-content\/uploads\/2021\/12\/IMG_2842-scaled.jpg'><img loading=\"lazy\" decoding=\"async\" width=\"2560\" height=\"1482\" src=\"https:\/\/archive.sana.sy\/es\/wp-content\/uploads\/2021\/12\/IMG_2842-scaled.jpg\" class=\"attachment-full size-full\" alt=\"\" srcset=\"https:\/\/archive.sana.sy\/es\/wp-content\/uploads\/2021\/12\/IMG_2842-scaled.jpg 2560w, https:\/\/archive.sana.sy\/es\/wp-content\/uploads\/2021\/12\/IMG_2842-300x174.jpg 300w, https:\/\/archive.sana.sy\/es\/wp-content\/uploads\/2021\/12\/IMG_2842-1024x593.jpg 1024w, https:\/\/archive.sana.sy\/es\/wp-content\/uploads\/2021\/12\/IMG_2842-150x87.jpg 150w, https:\/\/archive.sana.sy\/es\/wp-content\/uploads\/2021\/12\/IMG_2842-768x445.jpg 768w, https:\/\/archive.sana.sy\/es\/wp-content\/uploads\/2021\/12\/IMG_2842-1536x889.jpg 1536w, https:\/\/archive.sana.sy\/es\/wp-content\/uploads\/2021\/12\/IMG_2842-2048x1186.jpg 2048w\" sizes=\"(max-width: 2560px) 100vw, 2560px\" \/><\/a>\n\t\t\t<\/div><\/figure><figure class='gallery-item'>\n\t\t\t<div class='gallery-icon landscape'>\n\t\t\t\t<a href='https:\/\/archive.sana.sy\/es\/wp-content\/uploads\/2021\/12\/IMG_2607-scaled.jpg'><img loading=\"lazy\" decoding=\"async\" width=\"2560\" height=\"1440\" src=\"https:\/\/archive.sana.sy\/es\/wp-content\/uploads\/2021\/12\/IMG_2607-scaled.jpg\" class=\"attachment-full size-full\" alt=\"\" srcset=\"https:\/\/archive.sana.sy\/es\/wp-content\/uploads\/2021\/12\/IMG_2607-scaled.jpg 2560w, https:\/\/archive.sana.sy\/es\/wp-content\/uploads\/2021\/12\/IMG_2607-300x169.jpg 300w, https:\/\/archive.sana.sy\/es\/wp-content\/uploads\/2021\/12\/IMG_2607-1024x576.jpg 1024w, https:\/\/archive.sana.sy\/es\/wp-content\/uploads\/2021\/12\/IMG_2607-150x84.jpg 150w, https:\/\/archive.sana.sy\/es\/wp-content\/uploads\/2021\/12\/IMG_2607-768x432.jpg 768w, https:\/\/archive.sana.sy\/es\/wp-content\/uploads\/2021\/12\/IMG_2607-1536x864.jpg 1536w, https:\/\/archive.sana.sy\/es\/wp-content\/uploads\/2021\/12\/IMG_2607-2048x1152.jpg 2048w\" sizes=\"(max-width: 2560px) 100vw, 2560px\" \/><\/a>\n\t\t\t<\/div><\/figure><figure class='gallery-item'>\n\t\t\t<div class='gallery-icon landscape'>\n\t\t\t\t<a href='https:\/\/archive.sana.sy\/es\/wp-content\/uploads\/2021\/12\/IMG_2778-scaled.jpg'><img loading=\"lazy\" decoding=\"async\" width=\"2560\" height=\"1428\" src=\"https:\/\/archive.sana.sy\/es\/wp-content\/uploads\/2021\/12\/IMG_2778-scaled.jpg\" class=\"attachment-full size-full\" alt=\"\" srcset=\"https:\/\/archive.sana.sy\/es\/wp-content\/uploads\/2021\/12\/IMG_2778-scaled.jpg 2560w, https:\/\/archive.sana.sy\/es\/wp-content\/uploads\/2021\/12\/IMG_2778-300x167.jpg 300w, https:\/\/archive.sana.sy\/es\/wp-content\/uploads\/2021\/12\/IMG_2778-1024x571.jpg 1024w, https:\/\/archive.sana.sy\/es\/wp-content\/uploads\/2021\/12\/IMG_2778-150x84.jpg 150w, https:\/\/archive.sana.sy\/es\/wp-content\/uploads\/2021\/12\/IMG_2778-768x429.jpg 768w, https:\/\/archive.sana.sy\/es\/wp-content\/uploads\/2021\/12\/IMG_2778-1536x857.jpg 1536w, https:\/\/archive.sana.sy\/es\/wp-content\/uploads\/2021\/12\/IMG_2778-2048x1143.jpg 2048w\" sizes=\"(max-width: 2560px) 100vw, 2560px\" \/><\/a>\n\t\t\t<\/div><\/figure><figure class='gallery-item'>\n\t\t\t<div class='gallery-icon landscape'>\n\t\t\t\t<a href='https:\/\/archive.sana.sy\/es\/wp-content\/uploads\/2021\/12\/IMG_0607-scaled.jpg'><img loading=\"lazy\" decoding=\"async\" width=\"2560\" height=\"1428\" src=\"https:\/\/archive.sana.sy\/es\/wp-content\/uploads\/2021\/12\/IMG_0607-scaled.jpg\" class=\"attachment-full size-full\" alt=\"\" srcset=\"https:\/\/archive.sana.sy\/es\/wp-content\/uploads\/2021\/12\/IMG_0607-scaled.jpg 2560w, https:\/\/archive.sana.sy\/es\/wp-content\/uploads\/2021\/12\/IMG_0607-300x167.jpg 300w, https:\/\/archive.sana.sy\/es\/wp-content\/uploads\/2021\/12\/IMG_0607-1024x571.jpg 1024w, https:\/\/archive.sana.sy\/es\/wp-content\/uploads\/2021\/12\/IMG_0607-150x84.jpg 150w, https:\/\/archive.sana.sy\/es\/wp-content\/uploads\/2021\/12\/IMG_0607-768x429.jpg 768w, https:\/\/archive.sana.sy\/es\/wp-content\/uploads\/2021\/12\/IMG_0607-1536x857.jpg 1536w, https:\/\/archive.sana.sy\/es\/wp-content\/uploads\/2021\/12\/IMG_0607-2048x1143.jpg 2048w\" sizes=\"(max-width: 2560px) 100vw, 2560px\" \/><\/a>\n\t\t\t<\/div><\/figure><figure class='gallery-item'>\n\t\t\t<div class='gallery-icon portrait'>\n\t\t\t\t<a href='https:\/\/archive.sana.sy\/es\/wp-content\/uploads\/2021\/12\/IMG_2723-scaled.jpg'><img loading=\"lazy\" decoding=\"async\" width=\"1707\" height=\"2560\" src=\"https:\/\/archive.sana.sy\/es\/wp-content\/uploads\/2021\/12\/IMG_2723-scaled.jpg\" class=\"attachment-full size-full\" alt=\"\" srcset=\"https:\/\/archive.sana.sy\/es\/wp-content\/uploads\/2021\/12\/IMG_2723-scaled.jpg 1707w, https:\/\/archive.sana.sy\/es\/wp-content\/uploads\/2021\/12\/IMG_2723-200x300.jpg 200w, https:\/\/archive.sana.sy\/es\/wp-content\/uploads\/2021\/12\/IMG_2723-683x1024.jpg 683w, https:\/\/archive.sana.sy\/es\/wp-content\/uploads\/2021\/12\/IMG_2723-100x150.jpg 100w, https:\/\/archive.sana.sy\/es\/wp-content\/uploads\/2021\/12\/IMG_2723-768x1152.jpg 768w, https:\/\/archive.sana.sy\/es\/wp-content\/uploads\/2021\/12\/IMG_2723-1024x1536.jpg 1024w, https:\/\/archive.sana.sy\/es\/wp-content\/uploads\/2021\/12\/IMG_2723-1365x2048.jpg 1365w\" sizes=\"(max-width: 1707px) 100vw, 1707px\" \/><\/a>\n\t\t\t<\/div><\/figure>\n\t\t<\/div>\n\n<p>&nbsp;<\/p>\n","protected":false},"excerpt":{"rendered":"<p>Homs-Deraa, 18 dic (SANA)\u00a0 \u00a0 \u00a0En un ambiente de alegr\u00eda, se efectu\u00f3 hoy la ceremonia de encender las luces del \u00e1rbol de Navidad en la Iglesia de la Santa Virgen Um al-Zinar en la ciudad de Homs, capital de la provincia del mismo nombre. Mientras tanto, en la provincia de Deraa, la Iglesia de San &hellip;<\/p>\n","protected":false},"author":34,"featured_media":210681,"comment_status":"closed","ping_status":"closed","sticky":false,"template":"","format":"standard","meta":{"footnotes":""},"categories":[447,477,597,476,457,7541],"tags":[],"class_list":["post-210674","post","type-post","status-publish","format-standard","has-post-thumbnail","","category-local-politica","category-noticias-edulcorantes","category-cinta-de-noticias","category-locales","category-noticias-arabe-internacional-politica","category-ultimas-noticias"],"_links":{"self":[{"href":"https:\/\/archive.sana.sy\/es\/index.php?rest_route=\/wp\/v2\/posts\/210674"}],"collection":[{"href":"https:\/\/archive.sana.sy\/es\/index.php?rest_route=\/wp\/v2\/posts"}],"about":[{"href":"https:\/\/archive.sana.sy\/es\/index.php?rest_route=\/wp\/v2\/types\/post"}],"author":[{"embeddable":true,"href":"https:\/\/archive.sana.sy\/es\/index.php?rest_route=\/wp\/v2\/users\/34"}],"replies":[{"embeddable":true,"href":"https:\/\/archive.sana.sy\/es\/index.php?rest_route=%2Fwp%2Fv2%2Fcomments&post=210674"}],"version-history":[{"count":0,"href":"https:\/\/archive.sana.sy\/es\/index.php?rest_route=\/wp\/v2\/posts\/210674\/revisions"}],"wp:featuredmedia":[{"embeddable":true,"href":"https:\/\/archive.sana.sy\/es\/index.php?rest_route=\/wp\/v2\/media\/210681"}],"wp:attachment":[{"href":"https:\/\/archive.sana.sy\/es\/index.php?rest_route=%2Fwp%2Fv2%2Fmedia&parent=210674"}],"wp:term":[{"taxonomy":"category","embeddable":true,"href":"https:\/\/archive.sana.sy\/es\/index.php?rest_route=%2Fwp%2Fv2%2Fcategories&post=210674"},{"taxonomy":"post_tag","embeddable":true,"href":"https:\/\/archive.sana.sy\/es\/index.php?rest_route=%2Fwp%2Fv2%2Ftags&post=210674"}],"curies":[{"name":"wp","href":"https:\/\/api.w.org\/{rel}","templated":true}]}}