{"id":210684,"date":"2021-12-18T21:49:45","date_gmt":"2021-12-18T19:49:45","guid":{"rendered":"http:\/\/107.6.182.27\/es\/?p=210684"},"modified":"2023-01-10T14:22:29","modified_gmt":"2023-01-10T12:22:29","slug":"resistencia-popular-ataca-y-elimina-a-tres-armados-de-la-milicia-proestadounidense-fds-en-deir-ezzor","status":"publish","type":"post","link":"https:\/\/archive.sana.sy\/es\/?p=210684","title":{"rendered":"Resistencia popular ataca y elimina a tres armados de la milicia proestadounidense FDS en Deir Ezzor"},"content":{"rendered":"<p style=\"text-align: justify;\"><span style=\"color: #800000;\"><strong>Deir Ezzor, 18 dic (SANA)<\/strong><\/span> \u00a0\u00a0Tres armados de la milicia proestadounidense \u201cFuerzas Democr\u00e1ticas de Siria\u201d (FDS) murieron por un ataque de los grupos de resistencia popular en una carretera hacia el campo petrolero de al-Omar al este de Deir Ezzor.<\/p>\n<p style=\"text-align: justify;\">Activistas locales informaron a SANA que un veh\u00edculo que transportaba milicianos de FDS fue blanco de un ataque en el que se emplearon varios tipos de armas.<\/p>\n<p style=\"text-align: justify;\">\u201cEl ataque caus\u00f3 la muerte de al menos tres milicianos y da\u00f1os materiales en el veh\u00edculo\u201d, detallaron.<\/p>\n<p style=\"text-align: justify;\">rr\/fm<\/p>\n","protected":false},"excerpt":{"rendered":"<p>Deir Ezzor, 18 dic (SANA) \u00a0\u00a0Tres armados de la milicia proestadounidense \u201cFuerzas Democr\u00e1ticas de Siria\u201d (FDS) murieron por un ataque de los grupos de resistencia popular en una carretera hacia el campo petrolero de al-Omar al este de Deir Ezzor. Activistas locales informaron a SANA que un veh\u00edculo que transportaba milicianos de FDS fue blanco &hellip;<\/p>\n","protected":false},"author":34,"featured_media":210685,"comment_status":"closed","ping_status":"closed","sticky":false,"template":"","format":"standard","meta":{"footnotes":""},"categories":[447,477,597,573,476,457,7541],"tags":[],"class_list":["post-210684","post","type-post","status-publish","format-standard","has-post-thumbnail","","category-local-politica","category-noticias-edulcorantes","category-cinta-de-noticias","category-la-realidad-de-los-acontecimientos-en-siria","category-locales","category-noticias-arabe-internacional-politica","category-ultimas-noticias"],"_links":{"self":[{"href":"https:\/\/archive.sana.sy\/es\/index.php?rest_route=\/wp\/v2\/posts\/210684"}],"collection":[{"href":"https:\/\/archive.sana.sy\/es\/index.php?rest_route=\/wp\/v2\/posts"}],"about":[{"href":"https:\/\/archive.sana.sy\/es\/index.php?rest_route=\/wp\/v2\/types\/post"}],"author":[{"embeddable":true,"href":"https:\/\/archive.sana.sy\/es\/index.php?rest_route=\/wp\/v2\/users\/34"}],"replies":[{"embeddable":true,"href":"https:\/\/archive.sana.sy\/es\/index.php?rest_route=%2Fwp%2Fv2%2Fcomments&post=210684"}],"version-history":[{"count":0,"href":"https:\/\/archive.sana.sy\/es\/index.php?rest_route=\/wp\/v2\/posts\/210684\/revisions"}],"wp:featuredmedia":[{"embeddable":true,"href":"https:\/\/archive.sana.sy\/es\/index.php?rest_route=\/wp\/v2\/media\/210685"}],"wp:attachment":[{"href":"https:\/\/archive.sana.sy\/es\/index.php?rest_route=%2Fwp%2Fv2%2Fmedia&parent=210684"}],"wp:term":[{"taxonomy":"category","embeddable":true,"href":"https:\/\/archive.sana.sy\/es\/index.php?rest_route=%2Fwp%2Fv2%2Fcategories&post=210684"},{"taxonomy":"post_tag","embeddable":true,"href":"https:\/\/archive.sana.sy\/es\/index.php?rest_route=%2Fwp%2Fv2%2Ftags&post=210684"}],"curies":[{"name":"wp","href":"https:\/\/api.w.org\/{rel}","templated":true}]}}