{"id":210691,"date":"2021-12-18T22:00:42","date_gmt":"2021-12-18T20:00:42","guid":{"rendered":"http:\/\/107.6.182.27\/es\/?p=210691"},"modified":"2023-01-10T15:13:22","modified_gmt":"2023-01-10T13:13:22","slug":"en-buena-marcha-las-obras-de-rehabilitacion-de-sistema-electrico-en-alepo","status":"publish","type":"post","link":"https:\/\/archive.sana.sy\/es\/?p=210691","title":{"rendered":"En buena marcha las obras de rehabilitaci\u00f3n de sistema el\u00e9ctrico en Alepo\u00a0"},"content":{"rendered":"<p style=\"text-align: justify;\"><strong><span style=\"color: #800000;\">Alepo, 18 dic (SANA)\u00a0 \u00a0<\/span><\/strong>La Compa\u00f1\u00eda Estatal de Electricidad logr\u00f3 alimentar con electricidad varias zonas liberadas del terrorismo en la provincia de Alepo y su capital provincial, a trav\u00e9s de la implementaci\u00f3n de una l\u00ednea el\u00e9ctrica de 230 kilovoltios desde provincia de Hama a Alepo.<\/p>\n<p style=\"text-align: justify;\">Mahmoud Khattab, director en funciones de la Compa\u00f1\u00eda, comunic\u00f3 a SANA que el n\u00famero de centros de transformaci\u00f3n el\u00e9ctrica perjudicados y fuera de servicio lleg\u00f3 a 2600, de los cuales dos mil en la ciudad de Alepo.<\/p>\n<p style=\"text-align: justify;\">Agreg\u00f3 que tambi\u00e9n las acciones terroristas en esta provincia causaron da\u00f1os a las redes el\u00e9ctricas, l\u00edneas de media y baja tensi\u00f3n, centros de transmisi\u00f3n y transformadores de las redes de alta tensi\u00f3n.<\/p>\n<p style=\"text-align: justify;\">La Compa\u00f1\u00eda trabaja para completar las obras de rehabilitaci\u00f3n de la red el\u00e9ctrica en la mayor\u00eda de los barrios de la ciudad de Alepo y varios pueblos en el este y el noroeste de Alepo, detall\u00f3.<\/p>\n<p style=\"text-align: justify;\">Adem\u00e1s, el personal de la Compa\u00f1\u00eda restableci\u00f3 la electricidad en las zonas industriales de Alepo y planea poner el pr\u00f3ximo a\u00f1o unos 300 transformadores el\u00e9ctricos en servicio.<\/p>\n<p style=\"text-align: justify;\">rr\/ fm<\/p>\n","protected":false},"excerpt":{"rendered":"<p>Alepo, 18 dic (SANA)\u00a0 \u00a0La Compa\u00f1\u00eda Estatal de Electricidad logr\u00f3 alimentar con electricidad varias zonas liberadas del terrorismo en la provincia de Alepo y su capital provincial, a trav\u00e9s de la implementaci\u00f3n de una l\u00ednea el\u00e9ctrica de 230 kilovoltios desde provincia de Hama a Alepo. Mahmoud Khattab, director en funciones de la Compa\u00f1\u00eda, comunic\u00f3 a &hellip;<\/p>\n","protected":false},"author":34,"featured_media":210692,"comment_status":"closed","ping_status":"closed","sticky":false,"template":"","format":"standard","meta":{"footnotes":""},"categories":[447,477,597,16686,485,476,457,7541],"tags":[],"class_list":["post-210691","post","type-post","status-publish","format-standard","has-post-thumbnail","","category-local-politica","category-noticias-edulcorantes","category-cinta-de-noticias","category-economia","category-informes-negocios-y-finanzas","category-locales","category-noticias-arabe-internacional-politica","category-ultimas-noticias"],"_links":{"self":[{"href":"https:\/\/archive.sana.sy\/es\/index.php?rest_route=\/wp\/v2\/posts\/210691"}],"collection":[{"href":"https:\/\/archive.sana.sy\/es\/index.php?rest_route=\/wp\/v2\/posts"}],"about":[{"href":"https:\/\/archive.sana.sy\/es\/index.php?rest_route=\/wp\/v2\/types\/post"}],"author":[{"embeddable":true,"href":"https:\/\/archive.sana.sy\/es\/index.php?rest_route=\/wp\/v2\/users\/34"}],"replies":[{"embeddable":true,"href":"https:\/\/archive.sana.sy\/es\/index.php?rest_route=%2Fwp%2Fv2%2Fcomments&post=210691"}],"version-history":[{"count":0,"href":"https:\/\/archive.sana.sy\/es\/index.php?rest_route=\/wp\/v2\/posts\/210691\/revisions"}],"wp:featuredmedia":[{"embeddable":true,"href":"https:\/\/archive.sana.sy\/es\/index.php?rest_route=\/wp\/v2\/media\/210692"}],"wp:attachment":[{"href":"https:\/\/archive.sana.sy\/es\/index.php?rest_route=%2Fwp%2Fv2%2Fmedia&parent=210691"}],"wp:term":[{"taxonomy":"category","embeddable":true,"href":"https:\/\/archive.sana.sy\/es\/index.php?rest_route=%2Fwp%2Fv2%2Fcategories&post=210691"},{"taxonomy":"post_tag","embeddable":true,"href":"https:\/\/archive.sana.sy\/es\/index.php?rest_route=%2Fwp%2Fv2%2Ftags&post=210691"}],"curies":[{"name":"wp","href":"https:\/\/api.w.org\/{rel}","templated":true}]}}