{"id":210804,"date":"2021-12-19T18:29:14","date_gmt":"2021-12-19T16:29:14","guid":{"rendered":"http:\/\/107.6.182.27\/es\/?p=210804"},"modified":"2023-01-10T15:13:22","modified_gmt":"2023-01-10T13:13:22","slug":"siria-e-irak-por-aumentar-el-volumen-del-intercambio-comercial","status":"publish","type":"post","link":"https:\/\/archive.sana.sy\/es\/?p=210804","title":{"rendered":"Siria e Irak por aumentar el volumen del intercambio comercial"},"content":{"rendered":"<p style=\"text-align: justify;\"><span style=\"color: #800000;\"><strong>Damasco, 19 dic (SANA)\u00a0 \u00a0 <\/strong><\/span>El ministro de Econom\u00eda y Comercio Exterior, Mohammed al-Khalil, destac\u00f3 la importancia de fortalecer las relaciones econ\u00f3mico entre Siria e Irak y la necesidad de aumentar el volumen del comercio mutuo.<\/p>\n<p style=\"text-align: justify;\">Durante una reuni\u00f3n con el encargado de negocios de la Embajada de Irak en Damasco, Yassin Sharif al-Hajimi, al-Khalil se\u00f1al\u00f3 la necesidad de simplificar los tr\u00e1mites en los cruces fronterizos y reducir las tasas de aduana, lo que contribuir\u00eda a la fluidez de los productos sirios hacia Irak.<\/p>\n<p style=\"text-align: justify;\">Por su parte, al-Hajimi destac\u00f3 la necesidad de desarrollar las relaciones comerciales entre ambos pa\u00edses y fortalecer la cooperaci\u00f3n a trav\u00e9s del Comit\u00e9 Conjunto Iraqu\u00ed-Sirio.<\/p>\n<p style=\"text-align: justify;\">El funcionario iraqu\u00ed subray\u00f3 la importancia de la ley siria de inversiones No. 18 para alentar la inversi\u00f3n \u00e1rabe y destac\u00f3 el papel del sector privado en promover la cooperaci\u00f3n econ\u00f3mica.<\/p>\n<p style=\"text-align: justify;\">Las dos partes debatieron el papel del Agregado comercial iraqu\u00ed en Siria en el fortalecimiento de las relaciones bilaterales y la creaci\u00f3n de oportunidades de negocios.<\/p>\n<p style=\"text-align: justify;\">Asimismo, ambas partes destacaron la importancia de llevar a cabo la exposici\u00f3n \u201cHecho en Siria\u201d en Irak el 26 del actual mes con la participaci\u00f3n de m\u00e1s de 170 empresas comerciales e industriales porque ello supondr\u00e1 una buena oportunidad para el contacto entre empresarios sirios e iraqu\u00edes.<\/p>\n<p style=\"text-align: justify;\"><em><strong>ah\/rsh<\/strong><\/em><\/p>\n","protected":false},"excerpt":{"rendered":"<p>Damasco, 19 dic (SANA)\u00a0 \u00a0 El ministro de Econom\u00eda y Comercio Exterior, Mohammed al-Khalil, destac\u00f3 la importancia de fortalecer las relaciones econ\u00f3mico entre Siria e Irak y la necesidad de aumentar el volumen del comercio mutuo. Durante una reuni\u00f3n con el encargado de negocios de la Embajada de Irak en Damasco, Yassin Sharif al-Hajimi, al-Khalil &hellip;<\/p>\n","protected":false},"author":30,"featured_media":210805,"comment_status":"closed","ping_status":"closed","sticky":false,"template":"","format":"standard","meta":{"footnotes":""},"categories":[597,16686,485,457,7541],"tags":[7161,20589,7023,6553],"class_list":["post-210804","post","type-post","status-publish","format-standard","has-post-thumbnail","","category-cinta-de-noticias","category-economia","category-informes-negocios-y-finanzas","category-noticias-arabe-internacional-politica","category-ultimas-noticias","tag-damasco","tag-economy","tag-irak","tag-siria"],"_links":{"self":[{"href":"https:\/\/archive.sana.sy\/es\/index.php?rest_route=\/wp\/v2\/posts\/210804"}],"collection":[{"href":"https:\/\/archive.sana.sy\/es\/index.php?rest_route=\/wp\/v2\/posts"}],"about":[{"href":"https:\/\/archive.sana.sy\/es\/index.php?rest_route=\/wp\/v2\/types\/post"}],"author":[{"embeddable":true,"href":"https:\/\/archive.sana.sy\/es\/index.php?rest_route=\/wp\/v2\/users\/30"}],"replies":[{"embeddable":true,"href":"https:\/\/archive.sana.sy\/es\/index.php?rest_route=%2Fwp%2Fv2%2Fcomments&post=210804"}],"version-history":[{"count":0,"href":"https:\/\/archive.sana.sy\/es\/index.php?rest_route=\/wp\/v2\/posts\/210804\/revisions"}],"wp:featuredmedia":[{"embeddable":true,"href":"https:\/\/archive.sana.sy\/es\/index.php?rest_route=\/wp\/v2\/media\/210805"}],"wp:attachment":[{"href":"https:\/\/archive.sana.sy\/es\/index.php?rest_route=%2Fwp%2Fv2%2Fmedia&parent=210804"}],"wp:term":[{"taxonomy":"category","embeddable":true,"href":"https:\/\/archive.sana.sy\/es\/index.php?rest_route=%2Fwp%2Fv2%2Fcategories&post=210804"},{"taxonomy":"post_tag","embeddable":true,"href":"https:\/\/archive.sana.sy\/es\/index.php?rest_route=%2Fwp%2Fv2%2Ftags&post=210804"}],"curies":[{"name":"wp","href":"https:\/\/api.w.org\/{rel}","templated":true}]}}