{"id":21091,"date":"2015-04-10T20:17:15","date_gmt":"2015-04-10T17:17:15","guid":{"rendered":"http:\/\/www.sana.sy\/es\/?p=21091"},"modified":"2015-04-10T20:27:08","modified_gmt":"2015-04-10T17:27:08","slug":"el-parlamento-pakistani-responde-en-no-a-la-peticion-saudi","status":"publish","type":"post","link":"https:\/\/archive.sana.sy\/es\/?p=21091","title":{"rendered":"El parlamento pakistan\u00ed  responde en NO a la petici\u00f3n saud\u00ed"},"content":{"rendered":"<p style=\"text-align: justify\"><span style=\"color: #0000ff\">Islamabad-SANA<\/span><\/p>\n<p>El Parlamento de Pakist\u00e1n ha pedido el gobierno que se mantenga apartado del conflicto en Yemen, rechazando as\u00ed la petici\u00f3n\u00a0 saud\u00ed para que Islamabad se una a la coalici\u00f3n contra Yemen.<\/p>\n<p>Una fuente oficial inform\u00f3 que la\u00a0 resoluci\u00f3n ha sido aprobada por una sesi\u00f3n especial del Parlamento, y que Pakist\u00e1n debe jugar un papel de mediador y no implicarse en la lucha.<\/p>\n<p>\u201cEl Parlamento de Pakist\u00e1n subraya la necesidad de realizar esfuerzos continuos por parte del gobierno para poner fin a la crisis\u201d, se\u00f1al\u00f3 la resoluci\u00f3n.<\/p>\n<p>\u201cEl Parlamento desea que Pakist\u00e1n mantenga su neutralidad en respecto al conflicto de Yemen para poder jugar un papel diplom\u00e1tico con el fin de\u00a0 poner fin al conflicto\u201d.<\/p>\n<p>La resoluci\u00f3n, aprobada tras cinco d\u00edas de debates sobre la crisis yemen\u00ed, urgi\u00f3 al primer ministro a rechazar cualquier env\u00edo de fuerzas pakistan\u00edes para unirse a la coalici\u00f3n liderada por Arabia Saud\u00ed.<\/p>\n<p><span style=\"color: #800000\">M.Miri<\/span><\/p>\n","protected":false},"excerpt":{"rendered":"<p>Islamabad-SANA El Parlamento de Pakist\u00e1n ha pedido el gobierno que se mantenga apartado del conflicto en Yemen, rechazando as\u00ed la petici\u00f3n\u00a0 saud\u00ed para que Islamabad se una a la coalici\u00f3n contra Yemen. Una fuente oficial inform\u00f3 que la\u00a0 resoluci\u00f3n ha sido aprobada por una sesi\u00f3n especial del Parlamento, y que Pakist\u00e1n debe jugar un papel &hellip;<\/p>\n","protected":false},"author":1,"featured_media":21094,"comment_status":"closed","ping_status":"closed","sticky":false,"template":"","format":"standard","meta":{"footnotes":""},"categories":[456,457,576],"tags":[4805],"class_list":["post-21091","post","type-post","status-publish","format-standard","has-post-thumbnail","","category-arabe-internacional-politica","category-noticias-arabe-internacional-politica","category-noticias-politicas","tag-el-parlamento-pakistani-responde-en-no-a-la-peticion-saudi"],"_links":{"self":[{"href":"https:\/\/archive.sana.sy\/es\/index.php?rest_route=\/wp\/v2\/posts\/21091"}],"collection":[{"href":"https:\/\/archive.sana.sy\/es\/index.php?rest_route=\/wp\/v2\/posts"}],"about":[{"href":"https:\/\/archive.sana.sy\/es\/index.php?rest_route=\/wp\/v2\/types\/post"}],"author":[{"embeddable":true,"href":"https:\/\/archive.sana.sy\/es\/index.php?rest_route=\/wp\/v2\/users\/1"}],"replies":[{"embeddable":true,"href":"https:\/\/archive.sana.sy\/es\/index.php?rest_route=%2Fwp%2Fv2%2Fcomments&post=21091"}],"version-history":[{"count":0,"href":"https:\/\/archive.sana.sy\/es\/index.php?rest_route=\/wp\/v2\/posts\/21091\/revisions"}],"wp:featuredmedia":[{"embeddable":true,"href":"https:\/\/archive.sana.sy\/es\/index.php?rest_route=\/wp\/v2\/media\/21094"}],"wp:attachment":[{"href":"https:\/\/archive.sana.sy\/es\/index.php?rest_route=%2Fwp%2Fv2%2Fmedia&parent=21091"}],"wp:term":[{"taxonomy":"category","embeddable":true,"href":"https:\/\/archive.sana.sy\/es\/index.php?rest_route=%2Fwp%2Fv2%2Fcategories&post=21091"},{"taxonomy":"post_tag","embeddable":true,"href":"https:\/\/archive.sana.sy\/es\/index.php?rest_route=%2Fwp%2Fv2%2Ftags&post=21091"}],"curies":[{"name":"wp","href":"https:\/\/api.w.org\/{rel}","templated":true}]}}