{"id":210926,"date":"2021-12-20T16:07:59","date_gmt":"2021-12-20T14:07:59","guid":{"rendered":"http:\/\/107.6.182.27\/es\/?p=210926"},"modified":"2023-01-12T14:39:28","modified_gmt":"2023-01-12T12:39:28","slug":"detienen-en-irak-a-un-miembro-de-daesh","status":"publish","type":"post","link":"https:\/\/archive.sana.sy\/es\/?p=210926","title":{"rendered":"Detienen en Irak a un miembro de Daesh"},"content":{"rendered":"<p style=\"text-align: justify;\"><span style=\"color: #800000;\"><strong>Bagdad, 20 dic (SANA)\u00a0 \u00a0<\/strong><\/span>El Servicio de Seguridad Iraqu\u00ed anunci\u00f3 hoy, lunes, el arresto de un terrorista que intent\u00f3 ingresar a Anbar desde la gobernaci\u00f3n de Samarra.<\/p>\n<p style=\"text-align: justify;\">Seg\u00fan la fuente, el terrorista detenido es buscado por el Poder Judicial bajo orden de arresto de conformidad con lo dispuesto en el art\u00edculo 4 de terrorismo, y agreg\u00f3 que se tomaron las medidas legales necesarias en su contra&#8221;.<\/p>\n<p style=\"text-align: justify;\">Las fuerzas iraqu\u00edes contin\u00faan persiguiendo a los remanentes de grupo terrorista Daesh en varias regiones del pa\u00eds.<\/p>\n<p><em>mm<\/em><\/p>\n","protected":false},"excerpt":{"rendered":"<p>Bagdad, 20 dic (SANA)\u00a0 \u00a0El Servicio de Seguridad Iraqu\u00ed anunci\u00f3 hoy, lunes, el arresto de un terrorista que intent\u00f3 ingresar a Anbar desde la gobernaci\u00f3n de Samarra. Seg\u00fan la fuente, el terrorista detenido es buscado por el Poder Judicial bajo orden de arresto de conformidad con lo dispuesto en el art\u00edculo 4 de terrorismo, y &hellip;<\/p>\n","protected":false},"author":36,"featured_media":210927,"comment_status":"closed","ping_status":"closed","sticky":false,"template":"","format":"standard","meta":{"footnotes":""},"categories":[597,456,457],"tags":[7023],"class_list":["post-210926","post","type-post","status-publish","format-standard","has-post-thumbnail","","category-cinta-de-noticias","category-arabe-internacional-politica","category-noticias-arabe-internacional-politica","tag-irak"],"_links":{"self":[{"href":"https:\/\/archive.sana.sy\/es\/index.php?rest_route=\/wp\/v2\/posts\/210926"}],"collection":[{"href":"https:\/\/archive.sana.sy\/es\/index.php?rest_route=\/wp\/v2\/posts"}],"about":[{"href":"https:\/\/archive.sana.sy\/es\/index.php?rest_route=\/wp\/v2\/types\/post"}],"author":[{"embeddable":true,"href":"https:\/\/archive.sana.sy\/es\/index.php?rest_route=\/wp\/v2\/users\/36"}],"replies":[{"embeddable":true,"href":"https:\/\/archive.sana.sy\/es\/index.php?rest_route=%2Fwp%2Fv2%2Fcomments&post=210926"}],"version-history":[{"count":0,"href":"https:\/\/archive.sana.sy\/es\/index.php?rest_route=\/wp\/v2\/posts\/210926\/revisions"}],"wp:featuredmedia":[{"embeddable":true,"href":"https:\/\/archive.sana.sy\/es\/index.php?rest_route=\/wp\/v2\/media\/210927"}],"wp:attachment":[{"href":"https:\/\/archive.sana.sy\/es\/index.php?rest_route=%2Fwp%2Fv2%2Fmedia&parent=210926"}],"wp:term":[{"taxonomy":"category","embeddable":true,"href":"https:\/\/archive.sana.sy\/es\/index.php?rest_route=%2Fwp%2Fv2%2Fcategories&post=210926"},{"taxonomy":"post_tag","embeddable":true,"href":"https:\/\/archive.sana.sy\/es\/index.php?rest_route=%2Fwp%2Fv2%2Ftags&post=210926"}],"curies":[{"name":"wp","href":"https:\/\/api.w.org\/{rel}","templated":true}]}}