{"id":210929,"date":"2021-12-20T16:19:08","date_gmt":"2021-12-20T14:19:08","guid":{"rendered":"http:\/\/107.6.182.27\/es\/?p=210929"},"modified":"2023-01-12T14:39:28","modified_gmt":"2023-01-12T12:39:28","slug":"agresiones-israelies-dejan-heridos-a-varios-estudiantes-palestinos","status":"publish","type":"post","link":"https:\/\/archive.sana.sy\/es\/?p=210929","title":{"rendered":"Agresiones israel\u00edes dejan heridos a varios estudiantes palestinos"},"content":{"rendered":"<p style=\"text-align: justify;\"><span style=\"color: #800000;\"><strong>Jerusal\u00e9n ocupada, 20 dic (SANA)\u00a0 \u00a0<\/strong> <\/span>Varios estudiantes palestinos resultaron heridos este lunes a consecuencia de una incursi\u00f3n israel\u00ed en la aldea de al-Lubban al-Sharqiya, al sur de Nablus en Cisjordania.<\/p>\n<p style=\"text-align: justify;\">La agencia de noticias palestina Wafa inform\u00f3 que las fuerzas de ocupaci\u00f3n irrumpieron en la aldea y agredieron a los alumnos cuando sal\u00edan de su escuela, hiriendo a varios de ellos. Tambi\u00e9n, agredieron al jefe del consejo de la aldea.<\/p>\n<p style=\"text-align: justify;\">El pasado domingo, decenas de estudiantes palestinos resultaron heridos y otros seis fueron arrestados, durante el asalto de las fuerzas de ocupaci\u00f3n israel\u00edes a la localidad de Sa&#8217;ir, al noreste de Hebr\u00f3n en Cisjordania.<\/p>\n<p style=\"text-align: justify;\"><em>mm<\/em><\/p>\n","protected":false},"excerpt":{"rendered":"<p>Jerusal\u00e9n ocupada, 20 dic (SANA)\u00a0 \u00a0 Varios estudiantes palestinos resultaron heridos este lunes a consecuencia de una incursi\u00f3n israel\u00ed en la aldea de al-Lubban al-Sharqiya, al sur de Nablus en Cisjordania. La agencia de noticias palestina Wafa inform\u00f3 que las fuerzas de ocupaci\u00f3n irrumpieron en la aldea y agredieron a los alumnos cuando sal\u00edan de &hellip;<\/p>\n","protected":false},"author":36,"featured_media":210930,"comment_status":"closed","ping_status":"closed","sticky":false,"template":"","format":"standard","meta":{"footnotes":""},"categories":[597,456,457],"tags":[10660],"class_list":["post-210929","post","type-post","status-publish","format-standard","has-post-thumbnail","","category-cinta-de-noticias","category-arabe-internacional-politica","category-noticias-arabe-internacional-politica","tag-jerusalen-ocupada"],"_links":{"self":[{"href":"https:\/\/archive.sana.sy\/es\/index.php?rest_route=\/wp\/v2\/posts\/210929"}],"collection":[{"href":"https:\/\/archive.sana.sy\/es\/index.php?rest_route=\/wp\/v2\/posts"}],"about":[{"href":"https:\/\/archive.sana.sy\/es\/index.php?rest_route=\/wp\/v2\/types\/post"}],"author":[{"embeddable":true,"href":"https:\/\/archive.sana.sy\/es\/index.php?rest_route=\/wp\/v2\/users\/36"}],"replies":[{"embeddable":true,"href":"https:\/\/archive.sana.sy\/es\/index.php?rest_route=%2Fwp%2Fv2%2Fcomments&post=210929"}],"version-history":[{"count":0,"href":"https:\/\/archive.sana.sy\/es\/index.php?rest_route=\/wp\/v2\/posts\/210929\/revisions"}],"wp:featuredmedia":[{"embeddable":true,"href":"https:\/\/archive.sana.sy\/es\/index.php?rest_route=\/wp\/v2\/media\/210930"}],"wp:attachment":[{"href":"https:\/\/archive.sana.sy\/es\/index.php?rest_route=%2Fwp%2Fv2%2Fmedia&parent=210929"}],"wp:term":[{"taxonomy":"category","embeddable":true,"href":"https:\/\/archive.sana.sy\/es\/index.php?rest_route=%2Fwp%2Fv2%2Fcategories&post=210929"},{"taxonomy":"post_tag","embeddable":true,"href":"https:\/\/archive.sana.sy\/es\/index.php?rest_route=%2Fwp%2Fv2%2Ftags&post=210929"}],"curies":[{"name":"wp","href":"https:\/\/api.w.org\/{rel}","templated":true}]}}