{"id":210954,"date":"2021-12-21T10:57:17","date_gmt":"2021-12-21T08:57:17","guid":{"rendered":"http:\/\/107.6.182.27\/es\/?p=210954"},"modified":"2023-01-10T14:22:24","modified_gmt":"2023-01-10T12:22:24","slug":"alepo-derroto-el-oscurantismo-y-recupero-su-cultura-fotos","status":"publish","type":"post","link":"https:\/\/archive.sana.sy\/es\/?p=210954","title":{"rendered":"Alepo derrot\u00f3 el oscurantismo y recuper\u00f3 su cultura (+ fotos)"},"content":{"rendered":"<p style=\"text-align: justify;\"><span style=\"color: #800000;\"><strong>Alepo, 20 dic (SANA) <\/strong><\/span>La ideolog\u00eda oscurantista del terrorismo no pudo afectar el movimiento cultural en Alepo a pesar de las colosales p\u00e9rdidas materiales que sufrieron sus instituciones culturales durante los a\u00f1os de la guerra.<\/p>\n<p><img loading=\"lazy\" decoding=\"async\" class=\"size-medium wp-image-210958 alignright\" src=\"http:\/\/107.6.182.27\/es\/wp-content\/uploads\/2021\/12\/photo_2021-12-19_17-33-42-2-300x200.jpg\" alt=\"\" width=\"300\" height=\"200\" srcset=\"https:\/\/archive.sana.sy\/es\/wp-content\/uploads\/2021\/12\/photo_2021-12-19_17-33-42-2-300x200.jpg 300w, https:\/\/archive.sana.sy\/es\/wp-content\/uploads\/2021\/12\/photo_2021-12-19_17-33-42-2-1024x682.jpg 1024w, https:\/\/archive.sana.sy\/es\/wp-content\/uploads\/2021\/12\/photo_2021-12-19_17-33-42-2-150x100.jpg 150w, https:\/\/archive.sana.sy\/es\/wp-content\/uploads\/2021\/12\/photo_2021-12-19_17-33-42-2-768x512.jpg 768w, https:\/\/archive.sana.sy\/es\/wp-content\/uploads\/2021\/12\/photo_2021-12-19_17-33-42-2-1536x1024.jpg 1536w, https:\/\/archive.sana.sy\/es\/wp-content\/uploads\/2021\/12\/photo_2021-12-19_17-33-42-2-2048x1365.jpg 2048w\" sizes=\"(max-width: 300px) 100vw, 300px\" \/><\/p>\n<p style=\"text-align: justify;\">Los intelectuales, escritores y artistas de Alepo insistieron en seguir organizando seminarios, conferencias, festivales literarios y exposiciones art\u00edsticas mostrando su amor a la civilizaci\u00f3n de su antigua ciudad.<\/p>\n<p style=\"text-align: justify;\">De acuerdo al director de Cultura de Alepo, Jaber Al-Sajur, los intelectuales procedieron a emitir la Revista Cultural de Shahba, que fue la \u00fanica publicaci\u00f3n durante los a\u00f1os m\u00e1s duros de la guerra.<\/p>\n<p style=\"text-align: justify;\">Reconoci\u00f3 que el terrorismo destruy\u00f3 30 de los 36 centros culturales, de los cuales cuatro fueron reconstruidos y se trabaja para reconstruir el resto, mientras se complet\u00f3 la rehabilitaci\u00f3n de la Biblioteca Nacional en la urbe.<\/p>\n<p style=\"text-align: justify;\">Al-Sajour destac\u00f3 que desde 2019, Alepo fue nombrada capital de la cultura siria, y los centros culturales acogieron muchos eventos y festivales literarios, teatrales y musicales, y los siguen haciendo.<\/p>\n<p style=\"text-align: justify;\"><span style=\"color: #0000ff;\"><strong>fm\/sm<\/strong><\/span><\/p>\n<div id='gallery-1' class='gallery galleryid-210954 gallery-columns-1 gallery-size-full'><figure class='gallery-item'>\n\t\t\t<div class='gallery-icon landscape'>\n\t\t\t\t<a href='https:\/\/archive.sana.sy\/es\/?attachment_id=210956'><img loading=\"lazy\" decoding=\"async\" width=\"660\" height=\"330\" src=\"https:\/\/archive.sana.sy\/es\/wp-content\/uploads\/2021\/12\/1-261-660x330-2.jpg\" class=\"attachment-full size-full\" alt=\"\" srcset=\"https:\/\/archive.sana.sy\/es\/wp-content\/uploads\/2021\/12\/1-261-660x330-2.jpg 660w, https:\/\/archive.sana.sy\/es\/wp-content\/uploads\/2021\/12\/1-261-660x330-2-300x150.jpg 300w, https:\/\/archive.sana.sy\/es\/wp-content\/uploads\/2021\/12\/1-261-660x330-2-150x75.jpg 150w\" sizes=\"(max-width: 660px) 100vw, 660px\" \/><\/a>\n\t\t\t<\/div><\/figure><figure class='gallery-item'>\n\t\t\t<div class='gallery-icon landscape'>\n\t\t\t\t<a href='https:\/\/archive.sana.sy\/es\/?attachment_id=210957'><img loading=\"lazy\" decoding=\"async\" width=\"660\" height=\"399\" src=\"https:\/\/archive.sana.sy\/es\/wp-content\/uploads\/2021\/12\/233-2.jpg\" class=\"attachment-full size-full\" alt=\"\" srcset=\"https:\/\/archive.sana.sy\/es\/wp-content\/uploads\/2021\/12\/233-2.jpg 660w, https:\/\/archive.sana.sy\/es\/wp-content\/uploads\/2021\/12\/233-2-300x181.jpg 300w, https:\/\/archive.sana.sy\/es\/wp-content\/uploads\/2021\/12\/233-2-150x91.jpg 150w\" sizes=\"(max-width: 660px) 100vw, 660px\" \/><\/a>\n\t\t\t<\/div><\/figure>\n\t\t<\/div>\n\n","protected":false},"excerpt":{"rendered":"<p>Alepo, 20 dic (SANA) La ideolog\u00eda oscurantista del terrorismo no pudo afectar el movimiento cultural en Alepo a pesar de las colosales p\u00e9rdidas materiales que sufrieron sus instituciones culturales durante los a\u00f1os de la guerra. Los intelectuales, escritores y artistas de Alepo insistieron en seguir organizando seminarios, conferencias, festivales literarios y exposiciones art\u00edsticas mostrando su &hellip;<\/p>\n","protected":false},"author":39,"featured_media":210964,"comment_status":"closed","ping_status":"closed","sticky":false,"template":"","format":"standard","meta":{"footnotes":""},"categories":[447,477,597,476,457,7541],"tags":[],"class_list":["post-210954","post","type-post","status-publish","format-standard","has-post-thumbnail","","category-local-politica","category-noticias-edulcorantes","category-cinta-de-noticias","category-locales","category-noticias-arabe-internacional-politica","category-ultimas-noticias"],"_links":{"self":[{"href":"https:\/\/archive.sana.sy\/es\/index.php?rest_route=\/wp\/v2\/posts\/210954"}],"collection":[{"href":"https:\/\/archive.sana.sy\/es\/index.php?rest_route=\/wp\/v2\/posts"}],"about":[{"href":"https:\/\/archive.sana.sy\/es\/index.php?rest_route=\/wp\/v2\/types\/post"}],"author":[{"embeddable":true,"href":"https:\/\/archive.sana.sy\/es\/index.php?rest_route=\/wp\/v2\/users\/39"}],"replies":[{"embeddable":true,"href":"https:\/\/archive.sana.sy\/es\/index.php?rest_route=%2Fwp%2Fv2%2Fcomments&post=210954"}],"version-history":[{"count":0,"href":"https:\/\/archive.sana.sy\/es\/index.php?rest_route=\/wp\/v2\/posts\/210954\/revisions"}],"wp:featuredmedia":[{"embeddable":true,"href":"https:\/\/archive.sana.sy\/es\/index.php?rest_route=\/wp\/v2\/media\/210964"}],"wp:attachment":[{"href":"https:\/\/archive.sana.sy\/es\/index.php?rest_route=%2Fwp%2Fv2%2Fmedia&parent=210954"}],"wp:term":[{"taxonomy":"category","embeddable":true,"href":"https:\/\/archive.sana.sy\/es\/index.php?rest_route=%2Fwp%2Fv2%2Fcategories&post=210954"},{"taxonomy":"post_tag","embeddable":true,"href":"https:\/\/archive.sana.sy\/es\/index.php?rest_route=%2Fwp%2Fv2%2Ftags&post=210954"}],"curies":[{"name":"wp","href":"https:\/\/api.w.org\/{rel}","templated":true}]}}