{"id":21101,"date":"2015-04-11T12:57:31","date_gmt":"2015-04-11T09:57:31","guid":{"rendered":"http:\/\/www.sana.sy\/es\/?p=21101"},"modified":"2015-04-11T12:57:31","modified_gmt":"2015-04-11T09:57:31","slug":"moscu-y-damasco-confirman-su-compromiso-con-una-solucion-politica-a-la-crisis-en-siria","status":"publish","type":"post","link":"https:\/\/archive.sana.sy\/es\/?p=21101","title":{"rendered":"Mosc\u00fa y Damasco confirman su compromiso con una soluci\u00f3n pol\u00edtica a la crisis en Siria"},"content":{"rendered":"<p><span style=\"color: #800000\">Mosc\u00fa, SANA<\/span><\/p>\n<p>El ministerio de Exteriores de Rusia inform\u00f3 que \u201cMosc\u00fa y Damasco apreciaron el documento aprobado por unanimidad en la clausura de la segunda jornada de la Reuni\u00f3n Consultiva Intersiria que se\u00a0 celebr\u00f3 en Mosc\u00fa, los d\u00edas del 6 al 9 de este mes\u201d.<\/p>\n<p>La postura rusa fue expresada en un comunicado emitido el viernes despu\u00e9s de la reuni\u00f3n del enviado del presidente de Rusia a Oriente Medio y \u00c1frica, el vicecanciller Mija\u00edl Bogd\u00e1nov, con la delegaci\u00f3n del gobierno sirio, encabezada por el Representante Permanente de Siria ante las Naciones Unidas, Dr. Bashar al-Jaafari.<\/p>\n<p>El comunicado a\u00f1adi\u00f3 que &#8220;las dos partes reafirmaron su compromiso con la soluci\u00f3n pol\u00edtica en Siria a trav\u00e9s del di\u00e1logo intersirio sin injerencia externa y sobre la base de los t\u00e9rminos de la Declaraci\u00f3n de Ginebra emitida el 30 de julio de 2012. &#8221;<\/p>\n<p>Canciller\u00eda rusa explic\u00f3 que durante la mencionada reuni\u00f3n, se destac\u00f3 la importancia de seguir coordinando esfuerzos para &#8220;el cese inmediato del derramamiento de sangre en Siria, adem\u00e1s de lograr la reconciliaci\u00f3n nacional y derrotar a los terroristas y extremistas internacionales sobre el territorio sirio.<\/p>\n<p>Fady M., Lynn A.<\/p>\n","protected":false},"excerpt":{"rendered":"<p>Mosc\u00fa, SANA El ministerio de Exteriores de Rusia inform\u00f3 que \u201cMosc\u00fa y Damasco apreciaron el documento aprobado por unanimidad en la clausura de la segunda jornada de la Reuni\u00f3n Consultiva Intersiria que se\u00a0 celebr\u00f3 en Mosc\u00fa, los d\u00edas del 6 al 9 de este mes\u201d. La postura rusa fue expresada en un comunicado emitido el &hellip;<\/p>\n","protected":false},"author":24,"featured_media":10398,"comment_status":"closed","ping_status":"closed","sticky":false,"template":"","format":"standard","meta":{"footnotes":""},"categories":[456,457,576],"tags":[4807],"class_list":["post-21101","post","type-post","status-publish","format-standard","has-post-thumbnail","","category-arabe-internacional-politica","category-noticias-arabe-internacional-politica","category-noticias-politicas","tag-moscu-y-damasco-confirman-su-compromiso-con-una-solucion-politica-a-la-crisis-en-siria"],"_links":{"self":[{"href":"https:\/\/archive.sana.sy\/es\/index.php?rest_route=\/wp\/v2\/posts\/21101"}],"collection":[{"href":"https:\/\/archive.sana.sy\/es\/index.php?rest_route=\/wp\/v2\/posts"}],"about":[{"href":"https:\/\/archive.sana.sy\/es\/index.php?rest_route=\/wp\/v2\/types\/post"}],"author":[{"embeddable":true,"href":"https:\/\/archive.sana.sy\/es\/index.php?rest_route=\/wp\/v2\/users\/24"}],"replies":[{"embeddable":true,"href":"https:\/\/archive.sana.sy\/es\/index.php?rest_route=%2Fwp%2Fv2%2Fcomments&post=21101"}],"version-history":[{"count":0,"href":"https:\/\/archive.sana.sy\/es\/index.php?rest_route=\/wp\/v2\/posts\/21101\/revisions"}],"wp:featuredmedia":[{"embeddable":true,"href":"https:\/\/archive.sana.sy\/es\/index.php?rest_route=\/wp\/v2\/media\/10398"}],"wp:attachment":[{"href":"https:\/\/archive.sana.sy\/es\/index.php?rest_route=%2Fwp%2Fv2%2Fmedia&parent=21101"}],"wp:term":[{"taxonomy":"category","embeddable":true,"href":"https:\/\/archive.sana.sy\/es\/index.php?rest_route=%2Fwp%2Fv2%2Fcategories&post=21101"},{"taxonomy":"post_tag","embeddable":true,"href":"https:\/\/archive.sana.sy\/es\/index.php?rest_route=%2Fwp%2Fv2%2Ftags&post=21101"}],"curies":[{"name":"wp","href":"https:\/\/api.w.org\/{rel}","templated":true}]}}