{"id":211085,"date":"2021-12-21T08:07:49","date_gmt":"2021-12-21T06:07:49","guid":{"rendered":"http:\/\/107.6.182.27\/es\/?p=211085"},"modified":"2021-12-21T12:13:45","modified_gmt":"2021-12-21T10:13:45","slug":"aumento-de-ataques-terroristas-en-siria-preocupa-a-rusia-afirma-lavrentiev","status":"publish","type":"post","link":"https:\/\/archive.sana.sy\/es\/?p=211085","title":{"rendered":"Aumento de ataques terroristas en Siria preocupa a Rusia, afirma Lavrentiev"},"content":{"rendered":"<p style=\"text-align: justify;\"><span style=\"color: #800000;\"><strong>Nur Sult\u00e1n, 21 dice (SANA)<\/strong><\/span> El jefe de la delegaci\u00f3n rusa a la 17\u00aa ronda de conversaciones sobre Siria en el marco de la f\u00f3rmula de Astan\u00e1, Alexander Lavrentiev, expres\u00f3 la preocupaci\u00f3n de su pa\u00eds por el aumento de los ataques de las organizaciones terroristas en Siria.<\/p>\n<p style=\"text-align: justify;\">En declaraciones a los periodistas en la capital de Kazajst\u00e1n, Nur Sult\u00e1n, Lavrentiev dijo: &#8220;Nos preocupa el aumento de los ataques de organizaciones terroristas, no s\u00f3lo en el norte de Siria, sino tambi\u00e9n en todo su territorio&#8221;.<\/p>\n<p style=\"text-align: justify;\">Se\u00f1al\u00f3 que los turcos no cumplen plenamente sus obligaciones en virtud de los acuerdos alcanzados entre los presidentes de Rusia y Turqu\u00eda en marzo de 2020.<\/p>\n<p style=\"text-align: justify;\">Reiter\u00f3 el esfuerzo de su pa\u00eds por tomar medidas para rectificar esta situaci\u00f3n y que el r\u00e9gimen turco cumpla sus obligaciones.<\/p>\n<p style=\"text-align: justify;\">Esperamos que el pr\u00f3ximo mes de enero se celebre la s\u00e9ptima sesi\u00f3n peri\u00f3dica del Comit\u00e9 de Discusi\u00f3n de la Constituci\u00f3n en Siria, y que las partes sirias puedan, durante la misma, llegar a una soluci\u00f3n.<\/p>\n<p style=\"text-align: justify;\"><strong><em>fm\/ed<\/em><\/strong><\/p>\n","protected":false},"excerpt":{"rendered":"<p>Nur Sult\u00e1n, 21 dice (SANA) El jefe de la delegaci\u00f3n rusa a la 17\u00aa ronda de conversaciones sobre Siria en el marco de la f\u00f3rmula de Astan\u00e1, Alexander Lavrentiev, expres\u00f3 la preocupaci\u00f3n de su pa\u00eds por el aumento de los ataques de las organizaciones terroristas en Siria. En declaraciones a los periodistas en la capital &hellip;<\/p>\n","protected":false},"author":32,"featured_media":211086,"comment_status":"closed","ping_status":"closed","sticky":false,"template":"","format":"standard","meta":{"footnotes":""},"categories":[597,467,583],"tags":[20088,6695,6553],"class_list":["post-211085","post","type-post","status-publish","format-standard","has-post-thumbnail","","category-cinta-de-noticias","category-siria-y-el-mundo","category-slide","tag-nur-sultan","tag-rusia","tag-siria"],"_links":{"self":[{"href":"https:\/\/archive.sana.sy\/es\/index.php?rest_route=\/wp\/v2\/posts\/211085"}],"collection":[{"href":"https:\/\/archive.sana.sy\/es\/index.php?rest_route=\/wp\/v2\/posts"}],"about":[{"href":"https:\/\/archive.sana.sy\/es\/index.php?rest_route=\/wp\/v2\/types\/post"}],"author":[{"embeddable":true,"href":"https:\/\/archive.sana.sy\/es\/index.php?rest_route=\/wp\/v2\/users\/32"}],"replies":[{"embeddable":true,"href":"https:\/\/archive.sana.sy\/es\/index.php?rest_route=%2Fwp%2Fv2%2Fcomments&post=211085"}],"version-history":[{"count":0,"href":"https:\/\/archive.sana.sy\/es\/index.php?rest_route=\/wp\/v2\/posts\/211085\/revisions"}],"wp:featuredmedia":[{"embeddable":true,"href":"https:\/\/archive.sana.sy\/es\/index.php?rest_route=\/wp\/v2\/media\/211086"}],"wp:attachment":[{"href":"https:\/\/archive.sana.sy\/es\/index.php?rest_route=%2Fwp%2Fv2%2Fmedia&parent=211085"}],"wp:term":[{"taxonomy":"category","embeddable":true,"href":"https:\/\/archive.sana.sy\/es\/index.php?rest_route=%2Fwp%2Fv2%2Fcategories&post=211085"},{"taxonomy":"post_tag","embeddable":true,"href":"https:\/\/archive.sana.sy\/es\/index.php?rest_route=%2Fwp%2Fv2%2Ftags&post=211085"}],"curies":[{"name":"wp","href":"https:\/\/api.w.org\/{rel}","templated":true}]}}