{"id":211088,"date":"2021-12-21T08:12:33","date_gmt":"2021-12-21T06:12:33","guid":{"rendered":"http:\/\/107.6.182.27\/es\/?p=211088"},"modified":"2021-12-21T08:12:33","modified_gmt":"2021-12-21T06:12:33","slug":"delegaciones-de-rusia-e-iran-en-la-reunion-de-astana-repasan-coordinacion-sobre-la-situacion-en-siria","status":"publish","type":"post","link":"https:\/\/archive.sana.sy\/es\/?p=211088","title":{"rendered":"Delegaciones de Rusia e Ir\u00e1n en la Reuni\u00f3n de Astan\u00e1 repasan coordinaci\u00f3n sobre la situaci\u00f3n en Siria"},"content":{"rendered":"<p style=\"text-align: justify;\"><span style=\"color: #800000;\"><strong>Nur Sult\u00e1n, 21 dic (SANA)<\/strong> <\/span>La delegaci\u00f3n rusa a la 17\u00aa ronda de conversaciones sobre Siria en el marco de la f\u00f3rmula de Astan\u00e1, encabezada por el enviado especial del presidente ruso a Siria, Alexander Lavrentiev, se reuni\u00f3 hoy en la capital kazaja, Nur Sult\u00e1n, con la delegaci\u00f3n iran\u00ed encabezada por Al\u00ed Asghar Khaji, principal asistente del ministro de Exteriores para Asuntos Pol\u00edticos Especiales.<\/p>\n<p style=\"text-align: justify;\">La reuni\u00f3n trat\u00f3 la coordinaci\u00f3n de las posiciones de las dos delegaciones sobre la situaci\u00f3n en Siria y los temas en la agenda de la reuni\u00f3n.<\/p>\n<p style=\"text-align: justify;\">La Ronda de Conversaciones comenz\u00f3 hoy y participan en la misma la delegaci\u00f3n gubernamental siria encabezada por el viceministro de Exteriores y Expatriados, Ayman Susan, y las delegaciones de los pa\u00edses garantes (Rusia, Ir\u00e1n y Turqu\u00eda).<\/p>\n<p style=\"text-align: justify;\">Las conversaciones se desarrollan los d\u00edas 21 y 22 e incluye reuniones bilaterales y tripartitas entre las delegaciones participantes y de los pa\u00edses garantes Rusia, Ir\u00e1n y Turqu\u00eda.<\/p>\n<p style=\"text-align: justify;\">Al t\u00e9rmino de las reuniones, se emitir\u00e1 una declaraci\u00f3n final.<\/p>\n<p style=\"text-align: justify;\">Hasta el momento, se realizaron 16 reuniones dentro de la f\u00f3rmula de Astan\u00e1, dos de las cuales se efectuaron en la ciudad rusa de Sochi, y todas enfatizaron en sus declaraciones finales la soberan\u00eda, independencia, unidad e integridad territorial de Siria.<\/p>\n<p>&nbsp;<\/p>\n","protected":false},"excerpt":{"rendered":"<p>Nur Sult\u00e1n, 21 dic (SANA) La delegaci\u00f3n rusa a la 17\u00aa ronda de conversaciones sobre Siria en el marco de la f\u00f3rmula de Astan\u00e1, encabezada por el enviado especial del presidente ruso a Siria, Alexander Lavrentiev, se reuni\u00f3 hoy en la capital kazaja, Nur Sult\u00e1n, con la delegaci\u00f3n iran\u00ed encabezada por Al\u00ed Asghar Khaji, principal &hellip;<\/p>\n","protected":false},"author":32,"featured_media":211089,"comment_status":"closed","ping_status":"closed","sticky":false,"template":"","format":"standard","meta":{"footnotes":""},"categories":[597,467,7541],"tags":[],"class_list":["post-211088","post","type-post","status-publish","format-standard","has-post-thumbnail","","category-cinta-de-noticias","category-siria-y-el-mundo","category-ultimas-noticias"],"_links":{"self":[{"href":"https:\/\/archive.sana.sy\/es\/index.php?rest_route=\/wp\/v2\/posts\/211088"}],"collection":[{"href":"https:\/\/archive.sana.sy\/es\/index.php?rest_route=\/wp\/v2\/posts"}],"about":[{"href":"https:\/\/archive.sana.sy\/es\/index.php?rest_route=\/wp\/v2\/types\/post"}],"author":[{"embeddable":true,"href":"https:\/\/archive.sana.sy\/es\/index.php?rest_route=\/wp\/v2\/users\/32"}],"replies":[{"embeddable":true,"href":"https:\/\/archive.sana.sy\/es\/index.php?rest_route=%2Fwp%2Fv2%2Fcomments&post=211088"}],"version-history":[{"count":0,"href":"https:\/\/archive.sana.sy\/es\/index.php?rest_route=\/wp\/v2\/posts\/211088\/revisions"}],"wp:featuredmedia":[{"embeddable":true,"href":"https:\/\/archive.sana.sy\/es\/index.php?rest_route=\/wp\/v2\/media\/211089"}],"wp:attachment":[{"href":"https:\/\/archive.sana.sy\/es\/index.php?rest_route=%2Fwp%2Fv2%2Fmedia&parent=211088"}],"wp:term":[{"taxonomy":"category","embeddable":true,"href":"https:\/\/archive.sana.sy\/es\/index.php?rest_route=%2Fwp%2Fv2%2Fcategories&post=211088"},{"taxonomy":"post_tag","embeddable":true,"href":"https:\/\/archive.sana.sy\/es\/index.php?rest_route=%2Fwp%2Fv2%2Ftags&post=211088"}],"curies":[{"name":"wp","href":"https:\/\/api.w.org\/{rel}","templated":true}]}}