{"id":211094,"date":"2021-12-21T10:29:03","date_gmt":"2021-12-21T08:29:03","guid":{"rendered":"http:\/\/107.6.182.27\/es\/?p=211094"},"modified":"2021-12-21T13:09:44","modified_gmt":"2021-12-21T11:09:44","slug":"delegaciones-de-siria-y-rusia-sostienen-encuentro-en-el-marco-de-la-17a-ronda-de-conversaciones-de-astana","status":"publish","type":"post","link":"https:\/\/archive.sana.sy\/es\/?p=211094","title":{"rendered":"Delegaciones de Siria y Rusia sostienen encuentro en el marco de la 17a ronda de conversaciones de Astan\u00e1"},"content":{"rendered":"<p style=\"text-align: justify;\"><strong><span style=\"color: #800000;\">Nur Sult\u00e1n, 21 dic (SANA)\u00a0<\/span><\/strong> \u00a0 La delegaci\u00f3n siria encabezada por el viceministro de Exteriores y Expatriados, Ayman Susan, mantuvo hoy una reuni\u00f3n con la delegaci\u00f3n rusa encabezada por el enviado especial del presidente ruso a Siria, Alexander Lavrentiev, en el marco de la 17a ronda de conversaciones sobre Siria de acuerdo a la f\u00f3rmula de Astan\u00e1, que comenz\u00f3 en la capital de Kazajst\u00e1n, Nur Sult\u00e1n.<\/p>\n<p style=\"text-align: justify;\">Durante la reuni\u00f3n, las dos delegaciones repasaron los temas en la agenda de las conversaciones.<\/p>\n<p style=\"text-align: justify;\">El vicecanciller Susan destac\u00f3 que la ocupaci\u00f3n de Estados Unidos y Turqu\u00eda, y sus pol\u00edticas subversivas, incluidas las medidas coercitivas unilaterales ilegales, son la principal causa del sufrimiento de los sirios y de la prolongaci\u00f3n de la crisis, y adem\u00e1s impide la consolidaci\u00f3n de la estabilidad en el pa\u00eds.<\/p>\n<p style=\"text-align: justify;\">Subray\u00f3 la importancia de ejercer la m\u00e1xima presi\u00f3n sobre el r\u00e9gimen turco para obligarlo a implementar los resultados del Proceso de Astan\u00e1 y los entendimientos con la parte rusa, y poner fin a la presencia turca ilegal en Siria.<\/p>\n<p style=\"text-align: justify;\">Con respecto a la ayuda humanitaria, el diplom\u00e1tico enfatiz\u00f3 la firme posici\u00f3n de Siria que rechaza la entrada de ayuda a trav\u00e9s de la frontera, especialmente porque las potencias occidentales no cumplieron con sus compromisos en virtud de la Resoluci\u00f3n 2585, y enfatiz\u00f3 que el Estado sirio continuar\u00eda brindando ayuda a los necesitados sin ninguna discriminaci\u00f3n.<\/p>\n<p style=\"text-align: justify;\">Por su parte, Lavrentiev reiter\u00f3 el rechazo de Rusia a todo lo que pudiera perjudicar la soberan\u00eda e integridad territorial de Siria, y destac\u00f3 la importancia de la acci\u00f3n conjunta para enfrentar las pol\u00edticas de algunos pa\u00edses occidentales que buscan aprovechar la situaci\u00f3n humanitaria al servicio de sus agendas.<\/p>\n<p style=\"text-align: justify;\">Con respecto al proceso pol\u00edtico, las dos partes expresaron la congruencia de sus puntos de vista sobre el rechazo a los intentos de injerencia externa en el trabajo del Comit\u00e9 de Debate de la Constituci\u00f3n.<\/p>\n<p style=\"text-align: justify;\">La Ronda de Conversaciones comenz\u00f3 hoy y las conversaciones se desarrollan los d\u00edas 21 y 22 e incluyen reuniones bilaterales y tripartitas entre las delegaciones participantes y de los pa\u00edses garantes Rusia, Ir\u00e1n y Turqu\u00eda.<\/p>\n<p style=\"text-align: justify;\">Al t\u00e9rmino de las reuniones, se emitir\u00e1 una declaraci\u00f3n final.<\/p>\n<p style=\"text-align: justify;\">Hasta el momento, se realizaron 16 reuniones dentro de la f\u00f3rmula de Astan\u00e1, dos de las cuales se efectuaron en la ciudad rusa de Sochi, y todas enfatizaron en sus declaraciones finales la soberan\u00eda, independencia, unidad e integridad territorial de Siria.<\/p>\n<p style=\"text-align: justify;\"><em><strong>fm\/ed<\/strong><\/em><\/p>\n","protected":false},"excerpt":{"rendered":"<p>Nur Sult\u00e1n, 21 dic (SANA)\u00a0 \u00a0 La delegaci\u00f3n siria encabezada por el viceministro de Exteriores y Expatriados, Ayman Susan, mantuvo hoy una reuni\u00f3n con la delegaci\u00f3n rusa encabezada por el enviado especial del presidente ruso a Siria, Alexander Lavrentiev, en el marco de la 17a ronda de conversaciones sobre Siria de acuerdo a la f\u00f3rmula &hellip;<\/p>\n","protected":false},"author":32,"featured_media":211117,"comment_status":"closed","ping_status":"closed","sticky":false,"template":"","format":"standard","meta":{"footnotes":""},"categories":[597,467,583],"tags":[20598,20088,6695,6553],"class_list":["post-211094","post","type-post","status-publish","format-standard","has-post-thumbnail","","category-cinta-de-noticias","category-siria-y-el-mundo","category-slide","tag-iran-turquia","tag-nur-sultan","tag-rusia","tag-siria"],"_links":{"self":[{"href":"https:\/\/archive.sana.sy\/es\/index.php?rest_route=\/wp\/v2\/posts\/211094"}],"collection":[{"href":"https:\/\/archive.sana.sy\/es\/index.php?rest_route=\/wp\/v2\/posts"}],"about":[{"href":"https:\/\/archive.sana.sy\/es\/index.php?rest_route=\/wp\/v2\/types\/post"}],"author":[{"embeddable":true,"href":"https:\/\/archive.sana.sy\/es\/index.php?rest_route=\/wp\/v2\/users\/32"}],"replies":[{"embeddable":true,"href":"https:\/\/archive.sana.sy\/es\/index.php?rest_route=%2Fwp%2Fv2%2Fcomments&post=211094"}],"version-history":[{"count":0,"href":"https:\/\/archive.sana.sy\/es\/index.php?rest_route=\/wp\/v2\/posts\/211094\/revisions"}],"wp:featuredmedia":[{"embeddable":true,"href":"https:\/\/archive.sana.sy\/es\/index.php?rest_route=\/wp\/v2\/media\/211117"}],"wp:attachment":[{"href":"https:\/\/archive.sana.sy\/es\/index.php?rest_route=%2Fwp%2Fv2%2Fmedia&parent=211094"}],"wp:term":[{"taxonomy":"category","embeddable":true,"href":"https:\/\/archive.sana.sy\/es\/index.php?rest_route=%2Fwp%2Fv2%2Fcategories&post=211094"},{"taxonomy":"post_tag","embeddable":true,"href":"https:\/\/archive.sana.sy\/es\/index.php?rest_route=%2Fwp%2Fv2%2Ftags&post=211094"}],"curies":[{"name":"wp","href":"https:\/\/api.w.org\/{rel}","templated":true}]}}