{"id":21122,"date":"2015-04-11T09:12:07","date_gmt":"2015-04-11T06:12:07","guid":{"rendered":"http:\/\/www.sana.sy\/es\/?p=21122"},"modified":"2015-04-11T13:13:20","modified_gmt":"2015-04-11T10:13:20","slug":"obama-acabaron-los-dias-de-injerencia-de-eeuu-en-america-latina","status":"publish","type":"post","link":"https:\/\/archive.sana.sy\/es\/?p=21122","title":{"rendered":"Obama: acabaron los d\u00edas de \u201cinjerencia\u201d de EEUU en Am\u00e9rica Latina"},"content":{"rendered":"<p><span style=\"color: #800000\">Panam\u00e1, SANA<\/span><\/p>\n<p>El presidente estadounidense Barack Obama, dijo que ya pas\u00f3 el tiempo en que Washington pod\u00eda inmiscuirse con impunidad en Am\u00e9rica Latina.<\/p>\n<p>En un foro sobre la sociedad civil de Am\u00e9rica Latina realizado en Panam\u00e1, el mandatario estadounidense precis\u00f3: \u201caquellos d\u00edas en que nuestra agenda en este hemisferio a menudo supon\u00eda que Estados Unidos pod\u00eda inmiscuirse con impunidad, ya pasaron\u201d.<\/p>\n<p>Esto ocurre horas antes del comienzo de la Cumbre de las Am\u00e9ricas, a la que asisten gobernantes de 35 naciones y donde espera verse cara a cara con el l\u00edder cubano Ra\u00fal Castro, en el marco del proceso de acercamiento entre ambos pa\u00edses.<\/p>\n<p>Esta declaraci\u00f3n constituye un reconocimiento por parte de Obama de la pol\u00edtica injerencista de las sucesivas administraciones estadounidenses en los asuntos de los Estados latinoamericanos, pero tambi\u00e9n representa seg\u00fan los observadores, una clara contradicci\u00f3n con las acciones de su gobierno, que no ha tomado ninguna medida concreta para poner fin a sus injerencias, la \u00faltima su pol\u00edtica hostil contra Venezuela.<\/p>\n<p>Fady M., Lynn A.<\/p>\n","protected":false},"excerpt":{"rendered":"<p>Panam\u00e1, SANA El presidente estadounidense Barack Obama, dijo que ya pas\u00f3 el tiempo en que Washington pod\u00eda inmiscuirse con impunidad en Am\u00e9rica Latina. En un foro sobre la sociedad civil de Am\u00e9rica Latina realizado en Panam\u00e1, el mandatario estadounidense precis\u00f3: \u201caquellos d\u00edas en que nuestra agenda en este hemisferio a menudo supon\u00eda que Estados Unidos &hellip;<\/p>\n","protected":false},"author":24,"featured_media":21123,"comment_status":"closed","ping_status":"closed","sticky":false,"template":"","format":"standard","meta":{"footnotes":""},"categories":[597,456,457,576],"tags":[4818],"class_list":["post-21122","post","type-post","status-publish","format-standard","has-post-thumbnail","","category-cinta-de-noticias","category-arabe-internacional-politica","category-noticias-arabe-internacional-politica","category-noticias-politicas","tag-obama-acabaron-los-dias-de-injerencia-de-eeuu-en-america-latina"],"_links":{"self":[{"href":"https:\/\/archive.sana.sy\/es\/index.php?rest_route=\/wp\/v2\/posts\/21122"}],"collection":[{"href":"https:\/\/archive.sana.sy\/es\/index.php?rest_route=\/wp\/v2\/posts"}],"about":[{"href":"https:\/\/archive.sana.sy\/es\/index.php?rest_route=\/wp\/v2\/types\/post"}],"author":[{"embeddable":true,"href":"https:\/\/archive.sana.sy\/es\/index.php?rest_route=\/wp\/v2\/users\/24"}],"replies":[{"embeddable":true,"href":"https:\/\/archive.sana.sy\/es\/index.php?rest_route=%2Fwp%2Fv2%2Fcomments&post=21122"}],"version-history":[{"count":0,"href":"https:\/\/archive.sana.sy\/es\/index.php?rest_route=\/wp\/v2\/posts\/21122\/revisions"}],"wp:featuredmedia":[{"embeddable":true,"href":"https:\/\/archive.sana.sy\/es\/index.php?rest_route=\/wp\/v2\/media\/21123"}],"wp:attachment":[{"href":"https:\/\/archive.sana.sy\/es\/index.php?rest_route=%2Fwp%2Fv2%2Fmedia&parent=21122"}],"wp:term":[{"taxonomy":"category","embeddable":true,"href":"https:\/\/archive.sana.sy\/es\/index.php?rest_route=%2Fwp%2Fv2%2Fcategories&post=21122"},{"taxonomy":"post_tag","embeddable":true,"href":"https:\/\/archive.sana.sy\/es\/index.php?rest_route=%2Fwp%2Fv2%2Ftags&post=21122"}],"curies":[{"name":"wp","href":"https:\/\/api.w.org\/{rel}","templated":true}]}}