{"id":211400,"date":"2021-12-22T22:08:07","date_gmt":"2021-12-22T20:08:07","guid":{"rendered":"http:\/\/107.6.182.27\/es\/?p=211400"},"modified":"2023-01-12T14:39:27","modified_gmt":"2023-01-12T12:39:27","slug":"jefes-de-estados-mayores-de-rusia-y-eeuu-abordan-telefonicamente-la-seguridad-internacional","status":"publish","type":"post","link":"https:\/\/archive.sana.sy\/es\/?p=211400","title":{"rendered":"Jefes de Estados Mayores de Rusia y EEUU abordan telef\u00f3nicamente la seguridad internacional"},"content":{"rendered":"<p style=\"text-align: justify;\"><span style=\"color: #800000;\"><strong>Mosc\u00fa, 22 dic (SANA)\u00a0 \u00a0<\/strong><\/span>El Jefe del Estado Mayor ruso, general de ej\u00e9rcito Valery Gerasimov, discuti\u00f3 hoy con su hom\u00f3logo estadounidense Mark Milley, durante una conversaci\u00f3n telef\u00f3nica, temas de seguridad internacional.<\/p>\n<p style=\"text-align: justify;\">El jefe del Estado Mayor ruso, Valeri Guer\u00e1simov, y su hom\u00f3logo estadounidense, Mark Milley, sostuvieron este mi\u00e9rcoles una conversaci\u00f3n telef\u00f3nica en la que trataron asuntos relacionados con la seguridad internacional, inform\u00f3 el Ministerio de Defensa de Rusia.<\/p>\n<p style=\"text-align: justify;\">En un breve comunicado, el departamento castrense de Rusia inform\u00f3 de que Guer\u00e1simov y Milley &#8220;trataron asuntos actuales de la seguridad internacional&#8221;, sin ofrecer m\u00e1s detalles.<\/p>\n<p style=\"text-align: justify;\">Las conversaciones entre las dos partes se llevaron a cabo en el contexto de la propuesta de Mosc\u00fa a los Estados Unidos y la OTAN de cristalizar acuerdos firmes y legalmente vinculantes que excluyen la expansi\u00f3n hacia el este de la OTAN y el despliegue de nuevas armas cerca de las fronteras de Rusia.<\/p>\n<p style=\"text-align: justify;\">Se trata de la segunda conversaci\u00f3n entre los jefes militares de Rusia y EEUU en menos de un mes y la primera despu\u00e9s de que Mosc\u00fa anunciara su propuesta sobre garant\u00edas de seguridad en Europa.<\/p>\n<p><em>mm<\/em><\/p>\n","protected":false},"excerpt":{"rendered":"<p>Mosc\u00fa, 22 dic (SANA)\u00a0 \u00a0El Jefe del Estado Mayor ruso, general de ej\u00e9rcito Valery Gerasimov, discuti\u00f3 hoy con su hom\u00f3logo estadounidense Mark Milley, durante una conversaci\u00f3n telef\u00f3nica, temas de seguridad internacional. El jefe del Estado Mayor ruso, Valeri Guer\u00e1simov, y su hom\u00f3logo estadounidense, Mark Milley, sostuvieron este mi\u00e9rcoles una conversaci\u00f3n telef\u00f3nica en la que trataron &hellip;<\/p>\n","protected":false},"author":36,"featured_media":211401,"comment_status":"closed","ping_status":"closed","sticky":false,"template":"","format":"standard","meta":{"footnotes":""},"categories":[597,456,457],"tags":[20603],"class_list":["post-211400","post","type-post","status-publish","format-standard","has-post-thumbnail","","category-cinta-de-noticias","category-arabe-internacional-politica","category-noticias-arabe-internacional-politica","tag-valery-gerasimov"],"_links":{"self":[{"href":"https:\/\/archive.sana.sy\/es\/index.php?rest_route=\/wp\/v2\/posts\/211400"}],"collection":[{"href":"https:\/\/archive.sana.sy\/es\/index.php?rest_route=\/wp\/v2\/posts"}],"about":[{"href":"https:\/\/archive.sana.sy\/es\/index.php?rest_route=\/wp\/v2\/types\/post"}],"author":[{"embeddable":true,"href":"https:\/\/archive.sana.sy\/es\/index.php?rest_route=\/wp\/v2\/users\/36"}],"replies":[{"embeddable":true,"href":"https:\/\/archive.sana.sy\/es\/index.php?rest_route=%2Fwp%2Fv2%2Fcomments&post=211400"}],"version-history":[{"count":0,"href":"https:\/\/archive.sana.sy\/es\/index.php?rest_route=\/wp\/v2\/posts\/211400\/revisions"}],"wp:featuredmedia":[{"embeddable":true,"href":"https:\/\/archive.sana.sy\/es\/index.php?rest_route=\/wp\/v2\/media\/211401"}],"wp:attachment":[{"href":"https:\/\/archive.sana.sy\/es\/index.php?rest_route=%2Fwp%2Fv2%2Fmedia&parent=211400"}],"wp:term":[{"taxonomy":"category","embeddable":true,"href":"https:\/\/archive.sana.sy\/es\/index.php?rest_route=%2Fwp%2Fv2%2Fcategories&post=211400"},{"taxonomy":"post_tag","embeddable":true,"href":"https:\/\/archive.sana.sy\/es\/index.php?rest_route=%2Fwp%2Fv2%2Ftags&post=211400"}],"curies":[{"name":"wp","href":"https:\/\/api.w.org\/{rel}","templated":true}]}}