{"id":211408,"date":"2021-12-23T06:31:29","date_gmt":"2021-12-23T04:31:29","guid":{"rendered":"http:\/\/107.6.182.27\/es\/?p=211408"},"modified":"2023-01-12T14:39:27","modified_gmt":"2023-01-12T12:39:27","slug":"fuerzas-de-ocupacion-israelies-asesinan-a-tiros-a-un-palestino","status":"publish","type":"post","link":"https:\/\/archive.sana.sy\/es\/?p=211408","title":{"rendered":"Fuerzas de ocupaci\u00f3n israel\u00edes asesinan a tiros a un palestino"},"content":{"rendered":"<p style=\"text-align: justify;\"><span style=\"color: #800000;\"><strong>Jerusal\u00e9n ocupada, 23 dic (SANA)<\/strong><\/span>\u00a0\u00a0 Un palestino perdi\u00f3 la vida por disparos de las fuerzas de ocupaci\u00f3n israel\u00edes en la ciudad de Al-Bireh en Cisjordania.<\/p>\n<p style=\"text-align: justify;\">La agencia de noticias Wafa inform\u00f3 que los militares israel\u00edes dispararon contra un autom\u00f3vil en el que viajaba un joven de 26 a\u00f1os, causando su muerte inmediata.<\/p>\n<p style=\"text-align: justify;\">La v\u00edspera, un joven palestino muri\u00f3 cuando las fuerzas de ocupaci\u00f3n israel\u00edes abrieron fuego contra su autom\u00f3vil cerca de la ciudad de Yabad, al suroeste de Jenin en Cisjordania.<\/p>\n<p style=\"text-align: justify;\">fm<\/p>\n","protected":false},"excerpt":{"rendered":"<p>Jerusal\u00e9n ocupada, 23 dic (SANA)\u00a0\u00a0 Un palestino perdi\u00f3 la vida por disparos de las fuerzas de ocupaci\u00f3n israel\u00edes en la ciudad de Al-Bireh en Cisjordania. La agencia de noticias Wafa inform\u00f3 que los militares israel\u00edes dispararon contra un autom\u00f3vil en el que viajaba un joven de 26 a\u00f1os, causando su muerte inmediata. La v\u00edspera, un &hellip;<\/p>\n","protected":false},"author":34,"featured_media":211409,"comment_status":"closed","ping_status":"closed","sticky":false,"template":"","format":"standard","meta":{"footnotes":""},"categories":[597,456,7541],"tags":[],"class_list":["post-211408","post","type-post","status-publish","format-standard","has-post-thumbnail","","category-cinta-de-noticias","category-arabe-internacional-politica","category-ultimas-noticias"],"_links":{"self":[{"href":"https:\/\/archive.sana.sy\/es\/index.php?rest_route=\/wp\/v2\/posts\/211408"}],"collection":[{"href":"https:\/\/archive.sana.sy\/es\/index.php?rest_route=\/wp\/v2\/posts"}],"about":[{"href":"https:\/\/archive.sana.sy\/es\/index.php?rest_route=\/wp\/v2\/types\/post"}],"author":[{"embeddable":true,"href":"https:\/\/archive.sana.sy\/es\/index.php?rest_route=\/wp\/v2\/users\/34"}],"replies":[{"embeddable":true,"href":"https:\/\/archive.sana.sy\/es\/index.php?rest_route=%2Fwp%2Fv2%2Fcomments&post=211408"}],"version-history":[{"count":0,"href":"https:\/\/archive.sana.sy\/es\/index.php?rest_route=\/wp\/v2\/posts\/211408\/revisions"}],"wp:featuredmedia":[{"embeddable":true,"href":"https:\/\/archive.sana.sy\/es\/index.php?rest_route=\/wp\/v2\/media\/211409"}],"wp:attachment":[{"href":"https:\/\/archive.sana.sy\/es\/index.php?rest_route=%2Fwp%2Fv2%2Fmedia&parent=211408"}],"wp:term":[{"taxonomy":"category","embeddable":true,"href":"https:\/\/archive.sana.sy\/es\/index.php?rest_route=%2Fwp%2Fv2%2Fcategories&post=211408"},{"taxonomy":"post_tag","embeddable":true,"href":"https:\/\/archive.sana.sy\/es\/index.php?rest_route=%2Fwp%2Fv2%2Ftags&post=211408"}],"curies":[{"name":"wp","href":"https:\/\/api.w.org\/{rel}","templated":true}]}}