{"id":211411,"date":"2021-12-23T08:37:29","date_gmt":"2021-12-23T06:37:29","guid":{"rendered":"http:\/\/107.6.182.27\/es\/?p=211411"},"modified":"2023-01-10T15:32:59","modified_gmt":"2023-01-10T13:32:59","slug":"titulares-de-la-agencia-sana-23-de-diciembre-2021","status":"publish","type":"post","link":"https:\/\/archive.sana.sy\/es\/?p=211411","title":{"rendered":"Titulares de la agencia SANA, 23 de diciembre 2021"},"content":{"rendered":"<p style=\"text-align: justify;\"><span style=\"color: #800000;\"><strong>Damasco, 23 dic (SANA)<\/strong><\/span><\/p>\n<p style=\"text-align: justify;\">????????La 17\u00aa ronda de conversaciones de Astan\u00e1 sobre Siria contin\u00faa en Nursult\u00e1n.<\/p>\n<p style=\"text-align: justify;\">????????Pr\u00f3xima cumbre de jefes de estado de pa\u00edses garantes del Proceso de Astan\u00e1 se efectuar\u00e1 en febrero o marzo de\u00a0 \u00a0 \u00a0 \u00a02022.<\/p>\n<p style=\"text-align: justify;\">????????Sousan: el saqueo de Estados Unidos de las riquezas del pueblo sirio constituye crimen de lesa humanidad.<\/p>\n<p style=\"text-align: justify;\">????????Al-Jaafari: Siria est\u00e1 determinada a recuperar su territorio ocupado por completo.<\/p>\n<p style=\"text-align: justify;\">????????Lavrentiev: coincidimos sobre la necesidad de erradicar por completo estas organizaciones.<\/p>\n<p style=\"text-align: justify;\">????????Ciudad de al-Mayadin sigue testigo de un exitoso proceso de pacificaci\u00f3n.<\/p>\n<p style=\"text-align: justify;\">????????Ambiente festivo en Deraa por aproximaci\u00f3n de la Navidad.<\/p>\n<p style=\"text-align: justify;\">????????Presencia militar en Siria es ilegal, afirma Lavrov.<\/p>\n<p style=\"text-align: justify;\">????????Fuerzas de ocupaci\u00f3n turcas bombardean la aldea de Um al-Kif en Hasakeh.<\/p>\n<p style=\"text-align: justify;\">????????Maloula, la localidad siria que a\u00fan habla la lengua de Jesucristo.<\/p>\n<p style=\"text-align: justify;\">????????\u201cSyria Trust for Development\u201d acreditada por tercera vez por UNESCO como ONG.<\/p>\n<p style=\"text-align: justify;\">????????Delegaci\u00f3n parlamentaria rusa visita la ciudad emblem\u00e1tica de Maaloula<\/p>\n<p style=\"text-align: justify;\">????????Fuerzas del r\u00e9gimen turco matan a balazos a un ciudadano sirio en el norte de Hasakeh.<\/p>\n<p style=\"text-align: justify;\">????????Parlamentarios rusos entregan 30 concentradores de ox\u00edgeno al Hospital Infantil de Damasco.<\/p>\n<p style=\"text-align: justify;\">????????Siria e Ir\u00e1n abordan la cooperaci\u00f3n en materia de transporte.<\/p>\n<p style=\"text-align: justify;\">????????Ocupante norteamericano ingresa 34 camiones con material b\u00e9lico a Hasakeh.<\/p>\n<p style=\"text-align: justify;\">????????El Consejo de Seguridad adopta una resoluci\u00f3n que facilita la ayuda humanitaria a Afganist\u00e1n.<\/p>\n<p style=\"text-align: justify;\">????????Mercenarios proturcos saquean olivos y cosecha de aceitunas en la localidad ocupada de Afr\u00edn.<\/p>\n<p style=\"text-align: justify;\">????????Homenajean a familias de m\u00e1rtires en Damasco.<\/p>\n<p style=\"text-align: justify;\">????????Reportan 140 nuevas violaciones sauditas al alto el fuego en la ciudad yemen\u00ed de Hodeidah.<\/p>\n<p style=\"text-align: justify;\">????????Reportan 140 nuevas violaciones sauditas al alto el fuego en la ciudad yemen\u00ed de Hodeidah.<\/p>\n<p style=\"text-align: justify;\">\n","protected":false},"excerpt":{"rendered":"<p>Damasco, 23 dic (SANA) ????????La 17\u00aa ronda de conversaciones de Astan\u00e1 sobre Siria contin\u00faa en Nursult\u00e1n. ????????Pr\u00f3xima cumbre de jefes de estado de pa\u00edses garantes del Proceso de Astan\u00e1 se efectuar\u00e1 en febrero o marzo de\u00a0 \u00a0 \u00a0 \u00a02022. ????????Sousan: el saqueo de Estados Unidos de las riquezas del pueblo sirio constituye crimen de lesa &hellip;<\/p>\n","protected":false},"author":32,"featured_media":209059,"comment_status":"closed","ping_status":"closed","sticky":false,"template":"","format":"standard","meta":{"footnotes":""},"categories":[447,555,597,476,7541],"tags":[11413,16841,6553],"class_list":["post-211411","post","type-post","status-publish","format-standard","has-post-thumbnail","","category-local-politica","category-prensa","category-cinta-de-noticias","category-locales","category-ultimas-noticias","tag-afrin","tag-hasakeh","tag-siria"],"_links":{"self":[{"href":"https:\/\/archive.sana.sy\/es\/index.php?rest_route=\/wp\/v2\/posts\/211411"}],"collection":[{"href":"https:\/\/archive.sana.sy\/es\/index.php?rest_route=\/wp\/v2\/posts"}],"about":[{"href":"https:\/\/archive.sana.sy\/es\/index.php?rest_route=\/wp\/v2\/types\/post"}],"author":[{"embeddable":true,"href":"https:\/\/archive.sana.sy\/es\/index.php?rest_route=\/wp\/v2\/users\/32"}],"replies":[{"embeddable":true,"href":"https:\/\/archive.sana.sy\/es\/index.php?rest_route=%2Fwp%2Fv2%2Fcomments&post=211411"}],"version-history":[{"count":0,"href":"https:\/\/archive.sana.sy\/es\/index.php?rest_route=\/wp\/v2\/posts\/211411\/revisions"}],"wp:featuredmedia":[{"embeddable":true,"href":"https:\/\/archive.sana.sy\/es\/index.php?rest_route=\/wp\/v2\/media\/209059"}],"wp:attachment":[{"href":"https:\/\/archive.sana.sy\/es\/index.php?rest_route=%2Fwp%2Fv2%2Fmedia&parent=211411"}],"wp:term":[{"taxonomy":"category","embeddable":true,"href":"https:\/\/archive.sana.sy\/es\/index.php?rest_route=%2Fwp%2Fv2%2Fcategories&post=211411"},{"taxonomy":"post_tag","embeddable":true,"href":"https:\/\/archive.sana.sy\/es\/index.php?rest_route=%2Fwp%2Fv2%2Ftags&post=211411"}],"curies":[{"name":"wp","href":"https:\/\/api.w.org\/{rel}","templated":true}]}}