{"id":211413,"date":"2021-12-23T08:42:00","date_gmt":"2021-12-23T06:42:00","guid":{"rendered":"http:\/\/107.6.182.27\/es\/?p=211413"},"modified":"2021-12-23T09:50:25","modified_gmt":"2021-12-23T07:50:25","slug":"el-alcalde-de-la-ciudad-al-naima-en-la-provincia-surena-de-deraa-resulto-herido-junto-a-varias-personas-que-lo-acompanaban-por-el-estallido-de-un-artefacto-explosivo-contra-su-automovil-en-la-capital","status":"publish","type":"post","link":"https:\/\/archive.sana.sy\/es\/?p=211413","title":{"rendered":"El alcalde de la ciudad al-Naima en la provincia sure\u00f1a de Deraa result\u00f3 herido junto a varias personas que lo acompa\u00f1aban, por el estallido de un artefacto explosivo contra su autom\u00f3vil en la capital provincial Deraa."},"content":{"rendered":"","protected":false},"excerpt":{"rendered":"","protected":false},"author":32,"featured_media":0,"comment_status":"closed","ping_status":"closed","sticky":false,"template":"","format":"standard","meta":{"footnotes":""},"categories":[1],"tags":[],"class_list":["post-211413","post","type-post","status-publish","format-standard","","category-news-not-sorted"],"_links":{"self":[{"href":"https:\/\/archive.sana.sy\/es\/index.php?rest_route=\/wp\/v2\/posts\/211413"}],"collection":[{"href":"https:\/\/archive.sana.sy\/es\/index.php?rest_route=\/wp\/v2\/posts"}],"about":[{"href":"https:\/\/archive.sana.sy\/es\/index.php?rest_route=\/wp\/v2\/types\/post"}],"author":[{"embeddable":true,"href":"https:\/\/archive.sana.sy\/es\/index.php?rest_route=\/wp\/v2\/users\/32"}],"replies":[{"embeddable":true,"href":"https:\/\/archive.sana.sy\/es\/index.php?rest_route=%2Fwp%2Fv2%2Fcomments&post=211413"}],"version-history":[{"count":0,"href":"https:\/\/archive.sana.sy\/es\/index.php?rest_route=\/wp\/v2\/posts\/211413\/revisions"}],"wp:attachment":[{"href":"https:\/\/archive.sana.sy\/es\/index.php?rest_route=%2Fwp%2Fv2%2Fmedia&parent=211413"}],"wp:term":[{"taxonomy":"category","embeddable":true,"href":"https:\/\/archive.sana.sy\/es\/index.php?rest_route=%2Fwp%2Fv2%2Fcategories&post=211413"},{"taxonomy":"post_tag","embeddable":true,"href":"https:\/\/archive.sana.sy\/es\/index.php?rest_route=%2Fwp%2Fv2%2Ftags&post=211413"}],"curies":[{"name":"wp","href":"https:\/\/api.w.org\/{rel}","templated":true}]}}