{"id":21156,"date":"2015-04-11T20:56:53","date_gmt":"2015-04-11T17:56:53","guid":{"rendered":"http:\/\/www.sana.sy\/es\/?p=21156"},"modified":"2015-04-11T20:56:53","modified_gmt":"2015-04-11T17:56:53","slug":"tribus-yemenies-controlan-una-posicion-militar-saudi","status":"publish","type":"post","link":"https:\/\/archive.sana.sy\/es\/?p=21156","title":{"rendered":"Tribus yemen\u00edes controlan una posici\u00f3n militar saud\u00ed"},"content":{"rendered":"<p><span style=\"color: #0000ff\">San\u00e1-SANA<\/span><\/p>\n<p style=\"text-align: justify\">Fuentes yemen\u00edes confirmaron que las tribus de Saada en el norte de yemen\u00edes se hicieron con el control de una posici\u00f3n militar saud\u00ed \/ al-Manar\/ que se encuentra en la frontera con Yemen.<\/p>\n<p style=\"text-align: justify\">Las fuentes agregaron que dichas tribus yemen\u00edes habitan en las zonas fronterizas entre Yemen y Arabia Saud\u00ed, y que han sido blancos de los aviones sauditas al comienzo de la agresi\u00f3n de Arabia Saudita contra el pa\u00eds \u00e1rabe Yemen.<\/p>\n<p><span style=\"color: #800000\">M.Miri<\/span><\/p>\n","protected":false},"excerpt":{"rendered":"<p>San\u00e1-SANA Fuentes yemen\u00edes confirmaron que las tribus de Saada en el norte de yemen\u00edes se hicieron con el control de una posici\u00f3n militar saud\u00ed \/ al-Manar\/ que se encuentra en la frontera con Yemen. Las fuentes agregaron que dichas tribus yemen\u00edes habitan en las zonas fronterizas entre Yemen y Arabia Saud\u00ed, y que han sido &hellip;<\/p>\n","protected":false},"author":1,"featured_media":20217,"comment_status":"closed","ping_status":"closed","sticky":false,"template":"","format":"standard","meta":{"footnotes":""},"categories":[456,457],"tags":[4824],"class_list":["post-21156","post","type-post","status-publish","format-standard","has-post-thumbnail","","category-arabe-internacional-politica","category-noticias-arabe-internacional-politica","tag-tribus-yemenies-controlan-una-posicion-militar-saudi"],"_links":{"self":[{"href":"https:\/\/archive.sana.sy\/es\/index.php?rest_route=\/wp\/v2\/posts\/21156"}],"collection":[{"href":"https:\/\/archive.sana.sy\/es\/index.php?rest_route=\/wp\/v2\/posts"}],"about":[{"href":"https:\/\/archive.sana.sy\/es\/index.php?rest_route=\/wp\/v2\/types\/post"}],"author":[{"embeddable":true,"href":"https:\/\/archive.sana.sy\/es\/index.php?rest_route=\/wp\/v2\/users\/1"}],"replies":[{"embeddable":true,"href":"https:\/\/archive.sana.sy\/es\/index.php?rest_route=%2Fwp%2Fv2%2Fcomments&post=21156"}],"version-history":[{"count":0,"href":"https:\/\/archive.sana.sy\/es\/index.php?rest_route=\/wp\/v2\/posts\/21156\/revisions"}],"wp:featuredmedia":[{"embeddable":true,"href":"https:\/\/archive.sana.sy\/es\/index.php?rest_route=\/wp\/v2\/media\/20217"}],"wp:attachment":[{"href":"https:\/\/archive.sana.sy\/es\/index.php?rest_route=%2Fwp%2Fv2%2Fmedia&parent=21156"}],"wp:term":[{"taxonomy":"category","embeddable":true,"href":"https:\/\/archive.sana.sy\/es\/index.php?rest_route=%2Fwp%2Fv2%2Fcategories&post=21156"},{"taxonomy":"post_tag","embeddable":true,"href":"https:\/\/archive.sana.sy\/es\/index.php?rest_route=%2Fwp%2Fv2%2Ftags&post=21156"}],"curies":[{"name":"wp","href":"https:\/\/api.w.org\/{rel}","templated":true}]}}