{"id":21161,"date":"2015-04-11T22:38:28","date_gmt":"2015-04-11T19:38:28","guid":{"rendered":"http:\/\/www.sana.sy\/es\/?p=21161"},"modified":"2015-04-12T14:38:16","modified_gmt":"2015-04-12T11:38:16","slug":"martires-y-heridos-en-un-ataque-terrorista-con-coche-bomba-en-homs","status":"publish","type":"post","link":"https:\/\/archive.sana.sy\/es\/?p=21161","title":{"rendered":"M\u00e1rtires y heridos en un ataque terrorista con coche bomba en Homs"},"content":{"rendered":"<p><span style=\"color: #0000ff\">Homs-SANA<\/span><\/p>\n<p style=\"text-align: justify\">Un ataque terrorista dej\u00f3 a varias personas entre muertos o heridos en el la localidad de al-Kuseer que se encuentra en la zona fronteriza con el Libano.<\/p>\n<p style=\"text-align: justify\">Seg\u00fan una fuente militar, el atentado fue perpetrado con un coche bomba en el pueblo de Hawek ubicado en la zona de al-Kuseer, en el campo de la provincia central de Homs.<\/p>\n<p style=\"text-align: justify\">Las cifras preliminares del atentado terrorista indican la ca\u00edda de dos m\u00e1rtires y varios heridos.<\/p>\n<p style=\"text-align: justify\">El atentado provoc\u00f3 tambi\u00e9n colosales da\u00f1os materiales en las propiedades de los ciudadanos.<\/p>\n<p><span style=\"color: #800000\">M.Miri<\/span><\/p>\n","protected":false},"excerpt":{"rendered":"<p>Homs-SANA Un ataque terrorista dej\u00f3 a varias personas entre muertos o heridos en el la localidad de al-Kuseer que se encuentra en la zona fronteriza con el Libano. Seg\u00fan una fuente militar, el atentado fue perpetrado con un coche bomba en el pueblo de Hawek ubicado en la zona de al-Kuseer, en el campo de &hellip;<\/p>\n","protected":false},"author":1,"featured_media":0,"comment_status":"closed","ping_status":"closed","sticky":false,"template":"","format":"standard","meta":{"footnotes":""},"categories":[573],"tags":[4825],"class_list":["post-21161","post","type-post","status-publish","format-standard","","category-la-realidad-de-los-acontecimientos-en-siria","tag-martires-y-heridos-en-un-ataque-terrorista-con-coche-bomba-en-homs"],"_links":{"self":[{"href":"https:\/\/archive.sana.sy\/es\/index.php?rest_route=\/wp\/v2\/posts\/21161"}],"collection":[{"href":"https:\/\/archive.sana.sy\/es\/index.php?rest_route=\/wp\/v2\/posts"}],"about":[{"href":"https:\/\/archive.sana.sy\/es\/index.php?rest_route=\/wp\/v2\/types\/post"}],"author":[{"embeddable":true,"href":"https:\/\/archive.sana.sy\/es\/index.php?rest_route=\/wp\/v2\/users\/1"}],"replies":[{"embeddable":true,"href":"https:\/\/archive.sana.sy\/es\/index.php?rest_route=%2Fwp%2Fv2%2Fcomments&post=21161"}],"version-history":[{"count":0,"href":"https:\/\/archive.sana.sy\/es\/index.php?rest_route=\/wp\/v2\/posts\/21161\/revisions"}],"wp:attachment":[{"href":"https:\/\/archive.sana.sy\/es\/index.php?rest_route=%2Fwp%2Fv2%2Fmedia&parent=21161"}],"wp:term":[{"taxonomy":"category","embeddable":true,"href":"https:\/\/archive.sana.sy\/es\/index.php?rest_route=%2Fwp%2Fv2%2Fcategories&post=21161"},{"taxonomy":"post_tag","embeddable":true,"href":"https:\/\/archive.sana.sy\/es\/index.php?rest_route=%2Fwp%2Fv2%2Ftags&post=21161"}],"curies":[{"name":"wp","href":"https:\/\/api.w.org\/{rel}","templated":true}]}}