{"id":21178,"date":"2015-04-12T16:54:40","date_gmt":"2015-04-12T13:54:40","guid":{"rendered":"http:\/\/www.sana.sy\/es\/?p=21178"},"modified":"2015-04-13T17:47:13","modified_gmt":"2015-04-13T14:47:13","slug":"cancilleria-dirige-dos-cartas-identicas-al-consejo-de-seguridad-y-al-secretario-general-de-la-onu-sobre-el-ataque-terrorista-contra-alepo","status":"publish","type":"post","link":"https:\/\/archive.sana.sy\/es\/?p=21178","title":{"rendered":"Canciller\u00eda dirige dos cartas id\u00e9nticas al Consejo de Seguridad y al secretario general de la ONU sobre el ataque terrorista contra Alepo"},"content":{"rendered":"<p><span style=\"color: #ff0000\">Damasco, SANA<\/span><\/p>\n<p>La Canciller\u00eda siria dirigi\u00f3 dos cartas id\u00e9nticas al Consejo de Seguridad y al secretario general de la ONU sobre el ataque cometido por terroristas ayer contra Alepo, quienes dispararon numerosos proyectiles de morteros y cohetes contra zonas residenciales seguras, lo que caus\u00f3 la ca\u00edda de numerosos m\u00e1rtires y heridos, ademas de provocar da\u00f1os materiales en los sitios donde impactaron.<\/p>\n<p>El Ministerio de Exteriores y de los Expatriados afirm\u00f3 en las dos cartas que los actos terroristas no podr\u00edan continuar sin la financiaci\u00f3n ofrecida para los terroristas y sin la protecci\u00f3n de algunos pa\u00edses a estos grupos y el suministro de armas, expulsivos y herramientas criminales.<\/p>\n<p>La Canciller\u00eda dijo que Siria afirma su continuaci\u00f3n de la lucha contra el terrorismo y de la defensa de su pueblo, y llama de nuevo al Consejo de Seguridad y al secretario general de la ONU a condenar el crimen cometido ayer por los terroristas contra Alepo, y tomar la medidas disuasorias contra los terroristas y los estados que les financian.<\/p>\n<p><span style=\"color: #00ccff\">Hala B., Ryad Sh.<\/span><\/p>\n","protected":false},"excerpt":{"rendered":"<p>Damasco, SANA La Canciller\u00eda siria dirigi\u00f3 dos cartas id\u00e9nticas al Consejo de Seguridad y al secretario general de la ONU sobre el ataque cometido por terroristas ayer contra Alepo, quienes dispararon numerosos proyectiles de morteros y cohetes contra zonas residenciales seguras, lo que caus\u00f3 la ca\u00edda de numerosos m\u00e1rtires y heridos, ademas de provocar da\u00f1os &hellip;<\/p>\n","protected":false},"author":1,"featured_media":21179,"comment_status":"closed","ping_status":"closed","sticky":false,"template":"","format":"standard","meta":{"footnotes":""},"categories":[476,457],"tags":[4830],"class_list":["post-21178","post","type-post","status-publish","format-standard","has-post-thumbnail","","category-locales","category-noticias-arabe-internacional-politica","tag-cancilleria-dirige-dos-cartas-identicas-al-consejo-de-seguridad-y-al-secretario-general-de-la-onu-sobre-el-ataque-terrorista-contra-alepo"],"_links":{"self":[{"href":"https:\/\/archive.sana.sy\/es\/index.php?rest_route=\/wp\/v2\/posts\/21178"}],"collection":[{"href":"https:\/\/archive.sana.sy\/es\/index.php?rest_route=\/wp\/v2\/posts"}],"about":[{"href":"https:\/\/archive.sana.sy\/es\/index.php?rest_route=\/wp\/v2\/types\/post"}],"author":[{"embeddable":true,"href":"https:\/\/archive.sana.sy\/es\/index.php?rest_route=\/wp\/v2\/users\/1"}],"replies":[{"embeddable":true,"href":"https:\/\/archive.sana.sy\/es\/index.php?rest_route=%2Fwp%2Fv2%2Fcomments&post=21178"}],"version-history":[{"count":0,"href":"https:\/\/archive.sana.sy\/es\/index.php?rest_route=\/wp\/v2\/posts\/21178\/revisions"}],"wp:featuredmedia":[{"embeddable":true,"href":"https:\/\/archive.sana.sy\/es\/index.php?rest_route=\/wp\/v2\/media\/21179"}],"wp:attachment":[{"href":"https:\/\/archive.sana.sy\/es\/index.php?rest_route=%2Fwp%2Fv2%2Fmedia&parent=21178"}],"wp:term":[{"taxonomy":"category","embeddable":true,"href":"https:\/\/archive.sana.sy\/es\/index.php?rest_route=%2Fwp%2Fv2%2Fcategories&post=21178"},{"taxonomy":"post_tag","embeddable":true,"href":"https:\/\/archive.sana.sy\/es\/index.php?rest_route=%2Fwp%2Fv2%2Ftags&post=21178"}],"curies":[{"name":"wp","href":"https:\/\/api.w.org\/{rel}","templated":true}]}}